{"id":88280,"date":"2021-02-27T13:13:03","date_gmt":"2021-02-27T16:13:03","guid":{"rendered":"https:\/\/eldiariodesanpedro.com.ar\/sitio\/?p=88280"},"modified":"2021-02-27T13:13:07","modified_gmt":"2021-02-27T16:13:07","slug":"el-gobierno-y-los-gremios-docentes-acordaron-aumento-y-clausula-de-revision","status":"publish","type":"post","link":"https:\/\/eldiariodesanpedro.com.ar\/sitio\/el-gobierno-y-los-gremios-docentes-acordaron-aumento-y-clausula-de-revision\/","title":{"rendered":"El Gobierno y los gremios docentes acordaron aumento y cl\u00e1usula de revisi\u00f3n"},"content":{"rendered":"<!-- VideographyWP Plugin Message: Automatic video embedding prevented by plugin options. -->\n\n<p>El gobierno nacional y los gremios docentes acordaron este viernes un aumento salarial del 34,6% a pocos d\u00edas del inicio del ciclo lectivo. Se pagar\u00e1 en tres cuotas: marzo, julio y septiembre.<br><br>De esta forma, el salario inicial docente, que actualmente es de $27.500, subir\u00e1 a $31.000 en marzo, luego a $34.500 en julio y a $37.000 en septiembre.<br><br>La reuni\u00f3n entre los representantes de los cinco gremios nacionales y las autoridades educativas tuvo lugar en la sede de la cartera, ubicada en Pizzurno 935, en el centro porte\u00f1o. El acuerdo tambi\u00e9n incluy\u00f3 dos cl\u00e1usulas de revisi\u00f3n, en julio y noviembre.<br><br>En la paritaria nacional, se fija el salario m\u00ednimo docente en todo el pa\u00eds, que hasta hoy estaba en $27.500. Luego, desde ese piso, son las provincias las que negocian con sus sindicatos de base los salarios de los maestros.<br><br>Adem\u00e1s de Ctera, que est\u00e1 dentro de la CTA, participaron los otros cuatro gremios docentes nacionales de la CGT (Uda, Amet, Cea y Sadop) en la paritaria. El reclamo hab\u00eda sido un\u00e1nime: que la suba del salario inicial supere la proyecci\u00f3n inflacionaria para este a\u00f1o del 29%.<br><br>En tanto, los gremios reiteraron la necesidad de avanzar en la vacunaci\u00f3n de los docentes, cuyo inicio se anunci\u00f3 para los primeros d\u00edas de febrero pero se demor\u00f3 por la falta de dosis. Hasta el momento solo algunos pocos docentes mayores de 60 a\u00f1os o con enfermedades preexistentes accedieron a la vacuna.<br><br>La secretaria general de Ctera, Sonia Alesso,present\u00f3 una nota pidiendo que \u201cse controle\u201d y \u201cse haga cumplir con las resoluciones y acuerdos del Consejo Federal de Educaci\u00f3n\u201d respecto a la vacunaci\u00f3n, especialmente en el distrito de la ciudad de Buenos Aires.<\/p>\n","protected":false},"excerpt":{"rendered":"<p>El gobierno nacional y los gremios docentes acordaron este viernes un aumento salarial del 34,6% a pocos d\u00edas del inicio del ciclo lectivo. Se pagar\u00e1 en tres cuotas: marzo, julio y septiembre. De esta forma, el salario inicial docente, que actualmente es de $27.500, subir\u00e1 a $31.000 en marzo, luego a $34.500 en julio y [&hellip;]<\/p>\n","protected":false},"author":4,"featured_media":88281,"comment_status":"open","ping_status":"closed","sticky":false,"template":"","format":"standard","meta":{"om_disable_all_campaigns":false,"_jetpack_memberships_contains_paid_content":false,"footnotes":""},"categories":[621],"tags":[],"class_list":["post-88280","post","type-post","status-publish","format-standard","has-post-thumbnail","hentry","category-regionales"],"aioseo_notices":[],"gutentor_comment":0,"jetpack_featured_media_url":"https:\/\/eldiariodesanpedro.com.ar\/sitio\/wp-content\/uploads\/2021\/02\/no_t1kjs0djgnozu3g0001_17515952389_20210226_203213_0000.png","jetpack_shortlink":"https:\/\/wp.me\/p6RhLt-mXS","jetpack_sharing_enabled":true,"_links":{"self":[{"href":"https:\/\/eldiariodesanpedro.com.ar\/sitio\/wp-json\/wp\/v2\/posts\/88280","targetHints":{"allow":["GET"]}}],"collection":[{"href":"https:\/\/eldiariodesanpedro.com.ar\/sitio\/wp-json\/wp\/v2\/posts"}],"about":[{"href":"https:\/\/eldiariodesanpedro.com.ar\/sitio\/wp-json\/wp\/v2\/types\/post"}],"author":[{"embeddable":true,"href":"https:\/\/eldiariodesanpedro.com.ar\/sitio\/wp-json\/wp\/v2\/users\/4"}],"replies":[{"embeddable":true,"href":"https:\/\/eldiariodesanpedro.com.ar\/sitio\/wp-json\/wp\/v2\/comments?post=88280"}],"version-history":[{"count":1,"href":"https:\/\/eldiariodesanpedro.com.ar\/sitio\/wp-json\/wp\/v2\/posts\/88280\/revisions"}],"predecessor-version":[{"id":88282,"href":"https:\/\/eldiariodesanpedro.com.ar\/sitio\/wp-json\/wp\/v2\/posts\/88280\/revisions\/88282"}],"wp:featuredmedia":[{"embeddable":true,"href":"https:\/\/eldiariodesanpedro.com.ar\/sitio\/wp-json\/wp\/v2\/media\/88281"}],"wp:attachment":[{"href":"https:\/\/eldiariodesanpedro.com.ar\/sitio\/wp-json\/wp\/v2\/media?parent=88280"}],"wp:term":[{"taxonomy":"category","embeddable":true,"href":"https:\/\/eldiariodesanpedro.com.ar\/sitio\/wp-json\/wp\/v2\/categories?post=88280"},{"taxonomy":"post_tag","embeddable":true,"href":"https:\/\/eldiariodesanpedro.com.ar\/sitio\/wp-json\/wp\/v2\/tags?post=88280"}],"curies":[{"name":"wp","href":"https:\/\/api.w.org\/{rel}","templated":true}]}}