{"id":88277,"date":"2021-02-27T13:11:24","date_gmt":"2021-02-27T16:11:24","guid":{"rendered":"https:\/\/eldiariodesanpedro.com.ar\/sitio\/?p=88277"},"modified":"2021-02-27T13:11:28","modified_gmt":"2021-02-27T16:11:28","slug":"despiste-y-vuelco-en-acceso-a-baradero-tres-jovenes-sampedrinos-alcoholizados-resultaron-heridos","status":"publish","type":"post","link":"https:\/\/eldiariodesanpedro.com.ar\/sitio\/despiste-y-vuelco-en-acceso-a-baradero-tres-jovenes-sampedrinos-alcoholizados-resultaron-heridos\/","title":{"rendered":"Despiste y vuelco en acceso a Baradero: tres j\u00f3venes sampedrinos alcoholizados resultaron heridos"},"content":{"rendered":"<!-- VideographyWP Plugin Message: Automatic video embedding prevented by plugin options. -->\n\n<p>Se produjo esta ma\u00f1ana en el cruce de Ruta 41 y el acceso a la ciudad cuando el Chevrolet Astra, en el que viajaban tres chicos oriundos de San Pedro, despist\u00f3 y termin\u00f3 impactando con el monolito a la virgen.<\/p>\n\n\n\n<p>Dar\u00edo Cairo, Director de Tr\u00e1nsito, explic\u00f3 que se entrevist\u00f3 con el conductor y el mismo le refiri\u00f3 que el motivo del impact\u00f3 se dio porque no conoc\u00edan la salida de nuestra ciudad.<\/p>\n\n\n\n<p>Adem\u00e1s, relat\u00f3 que le realiz\u00f3 el test de alcoholemia y el mismo le arroj\u00f3 resultado positivo.<\/p>\n\n\n\n<p>Adem\u00e1s, se estableci\u00f3 que el autom\u00f3vil carec\u00eda de seguro reglamentario y el joven no ten\u00eda autorizaci\u00f3n para con la utilizaci\u00f3n del veh\u00edculo ya que el mismo estaba registrado a nombre de un familiar.<\/p>\n\n\n\n<p>Dos de los ocupantes del veh\u00edculo fueron trasladados hacia el nosocomio local donde se les va a realizar placas para as\u00ed descartar lesiones.<\/p>\n","protected":false},"excerpt":{"rendered":"<p>Se produjo esta ma\u00f1ana en el cruce de Ruta 41 y el acceso a la ciudad cuando el Chevrolet Astra, en el que viajaban tres chicos oriundos de San Pedro, despist\u00f3 y termin\u00f3 impactando con el monolito a la virgen. Dar\u00edo Cairo, Director de Tr\u00e1nsito, explic\u00f3 que se entrevist\u00f3 con el conductor y el mismo [&hellip;]<\/p>\n","protected":false},"author":4,"featured_media":88278,"comment_status":"open","ping_status":"closed","sticky":false,"template":"","format":"standard","meta":{"om_disable_all_campaigns":false,"_jetpack_memberships_contains_paid_content":false,"footnotes":""},"categories":[50,2,103],"tags":[],"class_list":["post-88277","post","type-post","status-publish","format-standard","has-post-thumbnail","hentry","category-destacadas","category-locales","category-policiales-locales"],"aioseo_notices":[],"gutentor_comment":0,"jetpack_featured_media_url":"https:\/\/eldiariodesanpedro.com.ar\/sitio\/wp-content\/uploads\/2021\/02\/153570565_2539973229645772_814700611683615856_o.jpg","jetpack_shortlink":"https:\/\/wp.me\/p6RhLt-mXP","jetpack_sharing_enabled":true,"_links":{"self":[{"href":"https:\/\/eldiariodesanpedro.com.ar\/sitio\/wp-json\/wp\/v2\/posts\/88277","targetHints":{"allow":["GET"]}}],"collection":[{"href":"https:\/\/eldiariodesanpedro.com.ar\/sitio\/wp-json\/wp\/v2\/posts"}],"about":[{"href":"https:\/\/eldiariodesanpedro.com.ar\/sitio\/wp-json\/wp\/v2\/types\/post"}],"author":[{"embeddable":true,"href":"https:\/\/eldiariodesanpedro.com.ar\/sitio\/wp-json\/wp\/v2\/users\/4"}],"replies":[{"embeddable":true,"href":"https:\/\/eldiariodesanpedro.com.ar\/sitio\/wp-json\/wp\/v2\/comments?post=88277"}],"version-history":[{"count":1,"href":"https:\/\/eldiariodesanpedro.com.ar\/sitio\/wp-json\/wp\/v2\/posts\/88277\/revisions"}],"predecessor-version":[{"id":88279,"href":"https:\/\/eldiariodesanpedro.com.ar\/sitio\/wp-json\/wp\/v2\/posts\/88277\/revisions\/88279"}],"wp:featuredmedia":[{"embeddable":true,"href":"https:\/\/eldiariodesanpedro.com.ar\/sitio\/wp-json\/wp\/v2\/media\/88278"}],"wp:attachment":[{"href":"https:\/\/eldiariodesanpedro.com.ar\/sitio\/wp-json\/wp\/v2\/media?parent=88277"}],"wp:term":[{"taxonomy":"category","embeddable":true,"href":"https:\/\/eldiariodesanpedro.com.ar\/sitio\/wp-json\/wp\/v2\/categories?post=88277"},{"taxonomy":"post_tag","embeddable":true,"href":"https:\/\/eldiariodesanpedro.com.ar\/sitio\/wp-json\/wp\/v2\/tags?post=88277"}],"curies":[{"name":"wp","href":"https:\/\/api.w.org\/{rel}","templated":true}]}}