{"id":88274,"date":"2021-02-27T13:05:56","date_gmt":"2021-02-27T16:05:56","guid":{"rendered":"https:\/\/eldiariodesanpedro.com.ar\/sitio\/?p=88274"},"modified":"2021-02-27T13:05:57","modified_gmt":"2021-02-27T16:05:57","slug":"entrega-de-material-a-apicultores-por-un-programa-del-ministerio-de-desarrollo-social","status":"publish","type":"post","link":"https:\/\/eldiariodesanpedro.com.ar\/sitio\/entrega-de-material-a-apicultores-por-un-programa-del-ministerio-de-desarrollo-social\/","title":{"rendered":"Entrega de material a apicultores por un programa del Ministerio de Desarrollo Social"},"content":{"rendered":"<!-- VideographyWP Plugin Message: Automatic video embedding prevented by plugin options. -->\n\n<p>En las instalaciones de la Cooperativa Ap\u00edcola \u00abSol Sampedrino\u00bb se concret\u00f3 esta ma\u00f1ana la entrega de n\u00facleos de abejas para un grupo de socios inscriptos en el Programa \u00abBanco de Herramientas y Maquinarias para la Emergencia Social\u00bb que instrumenta el Ministerio de Desarrollo Social.<\/p>\n\n\n\n<p>El Intendente Cecilio Salazar, el Secretario de Desarrollo Humano Walter S\u00e1nchez y el presidente de la Cooperativa Alexis Rodr\u00edguez, brindaron detalles de esta nueva etapa dentro del programa.<\/p>\n\n\n\n<p>Alexis Rodr\u00edguez, a quien el Intendente reconoci\u00f3 especialmente por su constancia y capacidad demostrada a lo largo de todos estos a\u00f1os en el impulso de esta actividad, record\u00f3 que presentaron la propuesta ante la Secretar\u00eda de Desarrollo Econ\u00f3mico cuando se lanz\u00f3 este plan, al igual que otras organizaciones que agrupan a productores y emprendedores.<\/p>\n\n\n\n<p>Rodr\u00edguez tambi\u00e9n explic\u00f3 la importancia de contar con este aporte gestionado por la Municipalidad de San Pedro a trav\u00e9s del Ministerio de Desarrollo Social y remarc\u00f3 que adem\u00e1s de lo que el Estado pone a disposici\u00f3n de los apicultores, para cumplir las expectativas y capitalizar este aporte, los productores realizan una inversi\u00f3n de capital y trabajo sumamente necesaria, y que desde la Secretar\u00eda de Agricultura Familiar del Ministerio de Agricultura se realiza un seguimiento de apoyo para que los n\u00facleos y el material vivo entregado tengan el tratamiento que corresponde.<\/p>\n\n\n\n<p>El Intendente Salazar remarc\u00f3 el trabajo de la Cooperativa, ratificando el acompa\u00f1amiento a todos los productores en sus iniciativas e incluso anticip\u00f3 gestiones ante el gobierno de la Provincia de Buenos Aires para elaborar y elevar un proyecto de creaci\u00f3n de un ente que le otorgue mayor visibilidad y apoyo a la apicultura a nivel provincial.<\/p>\n\n\n\n<p>\u00abSabemos que siempre van por m\u00e1s y la generaci\u00f3n de actividad econ\u00f3mica y puestos de trabajo a trav\u00e9s de la apicultura es algo que trasciende este programa y queremos apoyarlos y seguir colaborando con todos los productores\u00bb, se\u00f1al\u00f3.<\/p>\n\n\n\n<p>El Secretario de Desarrollo Humano record\u00f3 que para San Pedro han sido incluidos 183 emprendimientos de diferente tipo y que ya se han implementado 90, a la espera de la pr\u00f3xima etapa.<\/p>\n\n\n\n<p>En la entrega de hoy estuvieron presentes algunos de los productores beneficiados pero en el grupo se incluyen adem\u00e1s apicultores de la zona de islas que se vieron seriamente afectados por los incendios en esa zona.<\/p>\n\n\n\n<p>Hoy fueron presentados 20 n\u00facleos y material vivo para 18 productores.<\/p>\n\n\n\n<p>Luego de la conferencia de prensa se realiz\u00f3 una recorrida por las instalaciones de la Cooperativa, donde se pudo apreciar parte del trabajo que se realiza en la producci\u00f3n de miel a trav\u00e9s de los integrantes de Sol Sampedrino.<\/p>\n","protected":false},"excerpt":{"rendered":"<p>En las instalaciones de la Cooperativa Ap\u00edcola \u00abSol Sampedrino\u00bb se concret\u00f3 esta ma\u00f1ana la entrega de n\u00facleos de abejas para un grupo de socios inscriptos en el Programa \u00abBanco de Herramientas y Maquinarias para la Emergencia Social\u00bb que instrumenta el Ministerio de Desarrollo Social. El Intendente Cecilio Salazar, el Secretario de Desarrollo Humano Walter S\u00e1nchez [&hellip;]<\/p>\n","protected":false},"author":4,"featured_media":88275,"comment_status":"open","ping_status":"closed","sticky":false,"template":"","format":"standard","meta":{"om_disable_all_campaigns":false,"_jetpack_memberships_contains_paid_content":false,"footnotes":""},"categories":[50,101,2],"tags":[],"class_list":["post-88274","post","type-post","status-publish","format-standard","has-post-thumbnail","hentry","category-destacadas","category-interes-general-locales","category-locales"],"aioseo_notices":[],"gutentor_comment":0,"jetpack_featured_media_url":"https:\/\/eldiariodesanpedro.com.ar\/sitio\/wp-content\/uploads\/2021\/02\/WhatsApp-Image-2021-02-26-at-19.49.57.jpeg","jetpack_shortlink":"https:\/\/wp.me\/p6RhLt-mXM","jetpack_sharing_enabled":true,"_links":{"self":[{"href":"https:\/\/eldiariodesanpedro.com.ar\/sitio\/wp-json\/wp\/v2\/posts\/88274","targetHints":{"allow":["GET"]}}],"collection":[{"href":"https:\/\/eldiariodesanpedro.com.ar\/sitio\/wp-json\/wp\/v2\/posts"}],"about":[{"href":"https:\/\/eldiariodesanpedro.com.ar\/sitio\/wp-json\/wp\/v2\/types\/post"}],"author":[{"embeddable":true,"href":"https:\/\/eldiariodesanpedro.com.ar\/sitio\/wp-json\/wp\/v2\/users\/4"}],"replies":[{"embeddable":true,"href":"https:\/\/eldiariodesanpedro.com.ar\/sitio\/wp-json\/wp\/v2\/comments?post=88274"}],"version-history":[{"count":1,"href":"https:\/\/eldiariodesanpedro.com.ar\/sitio\/wp-json\/wp\/v2\/posts\/88274\/revisions"}],"predecessor-version":[{"id":88276,"href":"https:\/\/eldiariodesanpedro.com.ar\/sitio\/wp-json\/wp\/v2\/posts\/88274\/revisions\/88276"}],"wp:featuredmedia":[{"embeddable":true,"href":"https:\/\/eldiariodesanpedro.com.ar\/sitio\/wp-json\/wp\/v2\/media\/88275"}],"wp:attachment":[{"href":"https:\/\/eldiariodesanpedro.com.ar\/sitio\/wp-json\/wp\/v2\/media?parent=88274"}],"wp:term":[{"taxonomy":"category","embeddable":true,"href":"https:\/\/eldiariodesanpedro.com.ar\/sitio\/wp-json\/wp\/v2\/categories?post=88274"},{"taxonomy":"post_tag","embeddable":true,"href":"https:\/\/eldiariodesanpedro.com.ar\/sitio\/wp-json\/wp\/v2\/tags?post=88274"}],"curies":[{"name":"wp","href":"https:\/\/api.w.org\/{rel}","templated":true}]}}