{"id":88271,"date":"2021-02-27T13:03:33","date_gmt":"2021-02-27T16:03:33","guid":{"rendered":"https:\/\/eldiariodesanpedro.com.ar\/sitio\/?p=88271"},"modified":"2021-02-27T13:03:37","modified_gmt":"2021-02-27T16:03:37","slug":"el-gobierno-pagara-dos-bonos-extras-de-1-500-para-los-jubilados","status":"publish","type":"post","link":"https:\/\/eldiariodesanpedro.com.ar\/sitio\/el-gobierno-pagara-dos-bonos-extras-de-1-500-para-los-jubilados\/","title":{"rendered":"El Gobierno pagar\u00e1 dos bonos extras de $1.500 para los jubilados"},"content":{"rendered":"<!-- VideographyWP Plugin Message: Automatic video embedding prevented by plugin options. -->\n\n<p>Finalmente, el Gobierno defini\u00f3 que los jubilados cobrar\u00e1n dos bonos extras de $1.500 junto con la actualizaci\u00f3n del 8,07% en marzo, correspondiente a la nueva f\u00f3rmula de la movilidad jubilatoria, con la finalidad de \u201csostener el poder adquisitivo\u201d, explicaron fuentes oficiales. Con la combinaci\u00f3n de ajuste y los bonos, la jubilaci\u00f3n m\u00ednima aumentar\u00e1 16%.<\/p>\n\n\n\n<p>Los detalles de los montos extra fueron definidos en la reuni\u00f3n que mantuvieron esta tarde en la residencia de Olivos, el presidente Alberto Fern\u00e1ndez, el ministro de Econom\u00eda, Mart\u00edn Guzm\u00e1n y la titular de la ANSES, Fernanda Raverta, quien esta semana hab\u00eda confirmado que se estaba trabajando en un instrumento para compensar los ingresos de los jubilados.<\/p>\n\n\n\n<p>La nueva f\u00f3rmula de movilidad jubilatoria fue sancionada el 29 de diciembre de 2020, a partir de un proyecto enviado por el Gobierno. El texto original hab\u00eda sido modificado previamente en el Senado, ya que solo contemplaba dos de forma semestral. La f\u00f3rmula definitiva estableci\u00f3 tres ajustes a lo largo del a\u00f1o de forma trimestral, combinando un 50% de la recaudaci\u00f3n de la ANSES y otro 50% de la variaci\u00f3n salarial medida por la evoluci\u00f3n de los salarios formales que realiza el Ministerio de Trabajo (RIPTE) y de los salarios que mide el INDEC.<\/p>\n\n\n\n<p>Justamente hoy la ANSES estableci\u00f3 oficialmente el cronograma de pago de las jubilaciones y pensiones que aumentar\u00e1n 8,07% a partir de marzo, de acuerdo con el calendario de pagos de prestaciones previsionales correspondientes a ese mes, abril y mayo.<\/p>\n\n\n\n<p>En consecuencia, el haber jubilatorio m\u00ednimo ser\u00e1 de $20.571 y el m\u00e1ximo, de $138.426, seg\u00fan se desprende de la Resoluci\u00f3n 49\/2021, publicada este viernes en el Bolet\u00edn Oficial. Ahora sumando los bonos, el m\u00ednimo pasar\u00e1 a ser de $22.071 en los meses de abril y mayo.<\/p>\n\n\n\n<p>La suba de marzo abarcar\u00e1 tambi\u00e9n a quienes cobran pensiones no contributivas, AUH y asignaci\u00f3n por hijo.<\/p>\n\n\n\n<p>A trav\u00e9s de ese texto oficial, se aprobaron los calendarios de pago de las Prestaciones del Sistema Integrado Previsional Argentino (SIPA) para las emisiones correspondientes a marzo, abril y mayo pr\u00f3ximos.<\/p>\n\n\n\n<p>\u201cLas condiciones financieras vigentes para atender las obligaciones previsionales, permiten establecer el esquema de pago en 20 grupos\u201d, resalt\u00f3 la ANSES.<\/p>\n","protected":false},"excerpt":{"rendered":"<p>Finalmente, el Gobierno defini\u00f3 que los jubilados cobrar\u00e1n dos bonos extras de $1.500 junto con la actualizaci\u00f3n del 8,07% en marzo, correspondiente a la nueva f\u00f3rmula de la movilidad jubilatoria, con la finalidad de \u201csostener el poder adquisitivo\u201d, explicaron fuentes oficiales. Con la combinaci\u00f3n de ajuste y los bonos, la jubilaci\u00f3n m\u00ednima aumentar\u00e1 16%. Los [&hellip;]<\/p>\n","protected":false},"author":4,"featured_media":88272,"comment_status":"open","ping_status":"closed","sticky":false,"template":"","format":"standard","meta":{"om_disable_all_campaigns":false,"_jetpack_memberships_contains_paid_content":false,"footnotes":""},"categories":[621],"tags":[],"class_list":["post-88271","post","type-post","status-publish","format-standard","has-post-thumbnail","hentry","category-regionales"],"aioseo_notices":[],"gutentor_comment":0,"jetpack_featured_media_url":"https:\/\/eldiariodesanpedro.com.ar\/sitio\/wp-content\/uploads\/2021\/02\/anses-jubilados.jpg","jetpack_shortlink":"https:\/\/wp.me\/p6RhLt-mXJ","jetpack_sharing_enabled":true,"_links":{"self":[{"href":"https:\/\/eldiariodesanpedro.com.ar\/sitio\/wp-json\/wp\/v2\/posts\/88271","targetHints":{"allow":["GET"]}}],"collection":[{"href":"https:\/\/eldiariodesanpedro.com.ar\/sitio\/wp-json\/wp\/v2\/posts"}],"about":[{"href":"https:\/\/eldiariodesanpedro.com.ar\/sitio\/wp-json\/wp\/v2\/types\/post"}],"author":[{"embeddable":true,"href":"https:\/\/eldiariodesanpedro.com.ar\/sitio\/wp-json\/wp\/v2\/users\/4"}],"replies":[{"embeddable":true,"href":"https:\/\/eldiariodesanpedro.com.ar\/sitio\/wp-json\/wp\/v2\/comments?post=88271"}],"version-history":[{"count":1,"href":"https:\/\/eldiariodesanpedro.com.ar\/sitio\/wp-json\/wp\/v2\/posts\/88271\/revisions"}],"predecessor-version":[{"id":88273,"href":"https:\/\/eldiariodesanpedro.com.ar\/sitio\/wp-json\/wp\/v2\/posts\/88271\/revisions\/88273"}],"wp:featuredmedia":[{"embeddable":true,"href":"https:\/\/eldiariodesanpedro.com.ar\/sitio\/wp-json\/wp\/v2\/media\/88272"}],"wp:attachment":[{"href":"https:\/\/eldiariodesanpedro.com.ar\/sitio\/wp-json\/wp\/v2\/media?parent=88271"}],"wp:term":[{"taxonomy":"category","embeddable":true,"href":"https:\/\/eldiariodesanpedro.com.ar\/sitio\/wp-json\/wp\/v2\/categories?post=88271"},{"taxonomy":"post_tag","embeddable":true,"href":"https:\/\/eldiariodesanpedro.com.ar\/sitio\/wp-json\/wp\/v2\/tags?post=88271"}],"curies":[{"name":"wp","href":"https:\/\/api.w.org\/{rel}","templated":true}]}}