{"id":88268,"date":"2021-02-27T13:01:55","date_gmt":"2021-02-27T16:01:55","guid":{"rendered":"https:\/\/eldiariodesanpedro.com.ar\/sitio\/?p=88268"},"modified":"2021-02-27T13:01:59","modified_gmt":"2021-02-27T16:01:59","slug":"buscan-a-un-sujeto-que-amenazo-con-quitarse-la-vida-tirandose-de-un-puente","status":"publish","type":"post","link":"https:\/\/eldiariodesanpedro.com.ar\/sitio\/buscan-a-un-sujeto-que-amenazo-con-quitarse-la-vida-tirandose-de-un-puente\/","title":{"rendered":"Buscan a un sujeto que amenaz\u00f3 con quitarse la vida tir\u00e1ndose de un puente"},"content":{"rendered":"<!-- VideographyWP Plugin Message: Automatic video embedding prevented by plugin options. -->\n\n<p>Se trata de un vecino de San Pedro quien se habr\u00eda arrojado al R\u00edo el pasado 18 de este mes, anticipando sus intenciones. Su auto fue hallado en el lugar, y rescatistas buscan su cuerpo ahora en aguas de nuestra jurisdicci\u00f3n. Personal de la Brigada K9 trabaja en la b\u00fasqueda.<\/p>\n\n\n\n<p>Hace una semana, Paulino Miguel \u00c1vila discuti\u00f3 con su pareja, Liliana, y amenaz\u00f3 con quitarse la vida. El hecho ocurri\u00f3 en la localidad de San Pedro.<\/p>\n\n\n\n<p>Seg\u00fan su mujer, por mensaje de texto \u00c1vila de indic\u00f3 que iba a dejar su auto en la ruta 12, a la altura del km 89 y sobre el puente Bme. Mitre de esa ciudad, con las llaves del mismo escondidas en el amortiguador, para luego arrojarse al agua.<\/p>\n\n\n\n<p>Como no era la primera vez que se daba esta situaci\u00f3n, la mujer no le dio importancia y continu\u00f3 manteniendo contacto con su pareja hasta el mi\u00e9rcoles 24, cuando cerca de las 3 de la madrugada el tel\u00e9fono de \u00c1vila se qued\u00f3 sin bater\u00eda.<\/p>\n\n\n\n<p>La preocupaci\u00f3n se increment\u00f3 cuando personal policial hall\u00f3 el Peugeot 207 sobre el puente y en las condiciones mencionadas por el sujeto. Entonces, comenz\u00f3 su b\u00fasqueda con intensidad: se trata de un hombre de contextura delgada, de 1.60 metros de altura, cabello color casta\u00f1o, de ojos marrones, de tes blanca, que la \u00faltima vez que lo vio vest\u00eda una remera color clara y una bermuda con vivos celeste.<\/p>\n\n\n\n<p>Personal policial, conjuntamente con familiares, realizo b\u00fasqueda por las inmediaciones incluyendo amarras p\u00fablicas y centros de atenci\u00f3n m\u00e9dica, arrojando resultado negativo. De haberse arrojado al agua, las posibilidades indican que pueda llegar hasta nuestro Distrito, por lo que personal de la Brigada Canina K9 fue convocada para realizar un rastrillaje por el sector.<\/p>\n\n\n\n<p>En la causa, tom\u00f3 intervenci\u00f3n la UFI 2 a cargo de la Fiscal Brizuela.<\/p>\n","protected":false},"excerpt":{"rendered":"<p>Se trata de un vecino de San Pedro quien se habr\u00eda arrojado al R\u00edo el pasado 18 de este mes, anticipando sus intenciones. Su auto fue hallado en el lugar, y rescatistas buscan su cuerpo ahora en aguas de nuestra jurisdicci\u00f3n. Personal de la Brigada K9 trabaja en la b\u00fasqueda. Hace una semana, Paulino Miguel [&hellip;]<\/p>\n","protected":false},"author":4,"featured_media":88269,"comment_status":"open","ping_status":"closed","sticky":false,"template":"","format":"standard","meta":{"om_disable_all_campaigns":false,"_jetpack_memberships_contains_paid_content":false,"footnotes":""},"categories":[101,2],"tags":[],"class_list":["post-88268","post","type-post","status-publish","format-standard","has-post-thumbnail","hentry","category-interes-general-locales","category-locales"],"aioseo_notices":[],"gutentor_comment":0,"jetpack_featured_media_url":"https:\/\/eldiariodesanpedro.com.ar\/sitio\/wp-content\/uploads\/2021\/02\/20210226082507.jpeg","jetpack_shortlink":"https:\/\/wp.me\/p6RhLt-mXG","jetpack_sharing_enabled":true,"_links":{"self":[{"href":"https:\/\/eldiariodesanpedro.com.ar\/sitio\/wp-json\/wp\/v2\/posts\/88268","targetHints":{"allow":["GET"]}}],"collection":[{"href":"https:\/\/eldiariodesanpedro.com.ar\/sitio\/wp-json\/wp\/v2\/posts"}],"about":[{"href":"https:\/\/eldiariodesanpedro.com.ar\/sitio\/wp-json\/wp\/v2\/types\/post"}],"author":[{"embeddable":true,"href":"https:\/\/eldiariodesanpedro.com.ar\/sitio\/wp-json\/wp\/v2\/users\/4"}],"replies":[{"embeddable":true,"href":"https:\/\/eldiariodesanpedro.com.ar\/sitio\/wp-json\/wp\/v2\/comments?post=88268"}],"version-history":[{"count":1,"href":"https:\/\/eldiariodesanpedro.com.ar\/sitio\/wp-json\/wp\/v2\/posts\/88268\/revisions"}],"predecessor-version":[{"id":88270,"href":"https:\/\/eldiariodesanpedro.com.ar\/sitio\/wp-json\/wp\/v2\/posts\/88268\/revisions\/88270"}],"wp:featuredmedia":[{"embeddable":true,"href":"https:\/\/eldiariodesanpedro.com.ar\/sitio\/wp-json\/wp\/v2\/media\/88269"}],"wp:attachment":[{"href":"https:\/\/eldiariodesanpedro.com.ar\/sitio\/wp-json\/wp\/v2\/media?parent=88268"}],"wp:term":[{"taxonomy":"category","embeddable":true,"href":"https:\/\/eldiariodesanpedro.com.ar\/sitio\/wp-json\/wp\/v2\/categories?post=88268"},{"taxonomy":"post_tag","embeddable":true,"href":"https:\/\/eldiariodesanpedro.com.ar\/sitio\/wp-json\/wp\/v2\/tags?post=88268"}],"curies":[{"name":"wp","href":"https:\/\/api.w.org\/{rel}","templated":true}]}}