{"id":88262,"date":"2021-02-26T19:14:41","date_gmt":"2021-02-26T22:14:41","guid":{"rendered":"https:\/\/eldiariodesanpedro.com.ar\/sitio\/?p=88262"},"modified":"2021-02-27T12:13:43","modified_gmt":"2021-02-27T15:13:43","slug":"visita-de-autoridades-de-fesimubo","status":"publish","type":"post","link":"https:\/\/eldiariodesanpedro.com.ar\/sitio\/visita-de-autoridades-de-fesimubo\/","title":{"rendered":"Visita de autoridades de FESIMUBO"},"content":{"rendered":"<!-- VideographyWP Plugin Message: Automatic video embedding prevented by plugin options. -->\n\n<p>El Intendente Municipal Cecilio Salazar recibi\u00f3 esta ma\u00f1ana en su despacho a Rub\u00e9n \u00abCholo\u00bb Garc\u00eda, Secretario General de la Federaci\u00f3n de Sindicatos de Municipales de la Provincia de Buenos Aires (FeSiMuBo).<\/p>\n\n\n\n<p>El dirigente lleg\u00f3 acompa\u00f1ado por integrantes del gremio a nivel provincial y por el Secretario General del gremio en San Pedro, Juan Cruz Acosta, e integrantes de la mesa local.<\/p>\n\n\n\n<p>En la recorrida que el dirigente viene realizando por los municipios de la zona, repas\u00f3 ante el Intendente de San Pedro las inquietudes que forman parte de la agenda que tiene como punto central la firma del Convenio Colectivo de Trabajo para los trabajadores municipales.<\/p>\n\n\n\n<p>La Municipalidad a trav\u00e9s del Intendente y de los funcionarios de la Mesa de Relaciones Laborales mantiene un v\u00ednculo constante con todos los sectores sindicales, siempre con el objetivo de ir respondiendo a las necesidades de los trabajadores y sus familias, esperando que las condiciones del 2021 generen un marco m\u00e1s apropiado para todas las negociaciones.<\/p>\n\n\n\n<p><\/p>\n","protected":false},"excerpt":{"rendered":"<p>El Intendente Municipal Cecilio Salazar recibi\u00f3 esta ma\u00f1ana en su despacho a Rub\u00e9n \u00abCholo\u00bb Garc\u00eda, Secretario General de la Federaci\u00f3n de Sindicatos de Municipales de la Provincia de Buenos Aires (FeSiMuBo). El dirigente lleg\u00f3 acompa\u00f1ado por integrantes del gremio a nivel provincial y por el Secretario General del gremio en San Pedro, Juan Cruz Acosta, [&hellip;]<\/p>\n","protected":false},"author":4,"featured_media":88263,"comment_status":"open","ping_status":"closed","sticky":false,"template":"","format":"standard","meta":{"om_disable_all_campaigns":false,"_jetpack_memberships_contains_paid_content":false,"footnotes":""},"categories":[101,2],"tags":[],"class_list":["post-88262","post","type-post","status-publish","format-standard","has-post-thumbnail","hentry","category-interes-general-locales","category-locales"],"aioseo_notices":[],"gutentor_comment":0,"jetpack_featured_media_url":"https:\/\/eldiariodesanpedro.com.ar\/sitio\/wp-content\/uploads\/2021\/02\/WhatsApp-Image-2021-02-26-at-18.58.07.jpeg","jetpack_shortlink":"https:\/\/wp.me\/p6RhLt-mXA","jetpack_sharing_enabled":true,"_links":{"self":[{"href":"https:\/\/eldiariodesanpedro.com.ar\/sitio\/wp-json\/wp\/v2\/posts\/88262","targetHints":{"allow":["GET"]}}],"collection":[{"href":"https:\/\/eldiariodesanpedro.com.ar\/sitio\/wp-json\/wp\/v2\/posts"}],"about":[{"href":"https:\/\/eldiariodesanpedro.com.ar\/sitio\/wp-json\/wp\/v2\/types\/post"}],"author":[{"embeddable":true,"href":"https:\/\/eldiariodesanpedro.com.ar\/sitio\/wp-json\/wp\/v2\/users\/4"}],"replies":[{"embeddable":true,"href":"https:\/\/eldiariodesanpedro.com.ar\/sitio\/wp-json\/wp\/v2\/comments?post=88262"}],"version-history":[{"count":1,"href":"https:\/\/eldiariodesanpedro.com.ar\/sitio\/wp-json\/wp\/v2\/posts\/88262\/revisions"}],"predecessor-version":[{"id":88267,"href":"https:\/\/eldiariodesanpedro.com.ar\/sitio\/wp-json\/wp\/v2\/posts\/88262\/revisions\/88267"}],"wp:featuredmedia":[{"embeddable":true,"href":"https:\/\/eldiariodesanpedro.com.ar\/sitio\/wp-json\/wp\/v2\/media\/88263"}],"wp:attachment":[{"href":"https:\/\/eldiariodesanpedro.com.ar\/sitio\/wp-json\/wp\/v2\/media?parent=88262"}],"wp:term":[{"taxonomy":"category","embeddable":true,"href":"https:\/\/eldiariodesanpedro.com.ar\/sitio\/wp-json\/wp\/v2\/categories?post=88262"},{"taxonomy":"post_tag","embeddable":true,"href":"https:\/\/eldiariodesanpedro.com.ar\/sitio\/wp-json\/wp\/v2\/tags?post=88262"}],"curies":[{"name":"wp","href":"https:\/\/api.w.org\/{rel}","templated":true}]}}