{"id":88256,"date":"2021-02-26T18:57:20","date_gmt":"2021-02-26T21:57:20","guid":{"rendered":"https:\/\/eldiariodesanpedro.com.ar\/sitio\/?p=88256"},"modified":"2021-02-26T18:57:24","modified_gmt":"2021-02-26T21:57:24","slug":"salazar-confirmo-la-salida-de-luciano-juhant-de-la-direccion-de-educacion","status":"publish","type":"post","link":"https:\/\/eldiariodesanpedro.com.ar\/sitio\/salazar-confirmo-la-salida-de-luciano-juhant-de-la-direccion-de-educacion\/","title":{"rendered":"Salazar confirm\u00f3 la salida de Luciano Juhant de la Direcci\u00f3n de Educaci\u00f3n"},"content":{"rendered":"<!-- VideographyWP Plugin Message: Automatic video embedding prevented by plugin options. -->\n\n<p>El funcionario dejar\u00e1 el cargo en las pr\u00f3ximas horas. Hab\u00eda sido cuestionado por algunos docentes.<\/p>\n\n\n\n<p>Coincidiendo con el inicio del ciclo lectivo 2021 las autoridades municipales decidieron tomar medidas con quien viene cumpliendo funciones en el \u00e1mbito educativo.<\/p>\n\n\n\n<p>El propio Intendente Municipal Cecilio Salazar confirm\u00f3 en el aire de FM G\u00e9nesis que se tom\u00f3 la decisi\u00f3n de apartar del cargo de Director de Educaci\u00f3n Municipal a Luciano Juhant y buscarle de inmediato un reemplazante.<\/p>\n\n\n\n<p>El jefe comunal adelant\u00f3 que se reuni\u00f3 con Juhant y le traslad\u00f3 la medida adoptada, y que es incierto lo que suceder\u00e1 con el futuro laboral del ahora ex funcionario aunque es personal de planta.<\/p>\n\n\n\n<p>Los motivos de la salida de Juhant tienen que ver con lo planteado por las cinco docentes a cargo de la rama educativo y el desempe\u00f1o que ven\u00eda teniendo en esta etapa determinante que se aproxima ante el inicio de las clases. \u00a0<\/p>\n\n\n\n<p>Fuente: <a href=\"https:\/\/www.sanpedroinforma.com.ar\/nota\/124039\/politica\/salazar-confirmo-la-salida-de-luciano-juhant-de-la-direccion-de-educacion.html\">San Pedro Informa<\/a><\/p>\n","protected":false},"excerpt":{"rendered":"<p>El funcionario dejar\u00e1 el cargo en las pr\u00f3ximas horas. Hab\u00eda sido cuestionado por algunos docentes. Coincidiendo con el inicio del ciclo lectivo 2021 las autoridades municipales decidieron tomar medidas con quien viene cumpliendo funciones en el \u00e1mbito educativo. El propio Intendente Municipal Cecilio Salazar confirm\u00f3 en el aire de FM G\u00e9nesis que se tom\u00f3 la [&hellip;]<\/p>\n","protected":false},"author":4,"featured_media":88257,"comment_status":"open","ping_status":"closed","sticky":false,"template":"","format":"standard","meta":{"om_disable_all_campaigns":false,"_jetpack_memberships_contains_paid_content":false,"footnotes":""},"categories":[50,101,2],"tags":[],"class_list":["post-88256","post","type-post","status-publish","format-standard","has-post-thumbnail","hentry","category-destacadas","category-interes-general-locales","category-locales"],"aioseo_notices":[],"gutentor_comment":0,"jetpack_featured_media_url":"https:\/\/eldiariodesanpedro.com.ar\/sitio\/wp-content\/uploads\/2021\/02\/000090223.jpg","jetpack_shortlink":"https:\/\/wp.me\/p6RhLt-mXu","jetpack_sharing_enabled":true,"_links":{"self":[{"href":"https:\/\/eldiariodesanpedro.com.ar\/sitio\/wp-json\/wp\/v2\/posts\/88256","targetHints":{"allow":["GET"]}}],"collection":[{"href":"https:\/\/eldiariodesanpedro.com.ar\/sitio\/wp-json\/wp\/v2\/posts"}],"about":[{"href":"https:\/\/eldiariodesanpedro.com.ar\/sitio\/wp-json\/wp\/v2\/types\/post"}],"author":[{"embeddable":true,"href":"https:\/\/eldiariodesanpedro.com.ar\/sitio\/wp-json\/wp\/v2\/users\/4"}],"replies":[{"embeddable":true,"href":"https:\/\/eldiariodesanpedro.com.ar\/sitio\/wp-json\/wp\/v2\/comments?post=88256"}],"version-history":[{"count":1,"href":"https:\/\/eldiariodesanpedro.com.ar\/sitio\/wp-json\/wp\/v2\/posts\/88256\/revisions"}],"predecessor-version":[{"id":88258,"href":"https:\/\/eldiariodesanpedro.com.ar\/sitio\/wp-json\/wp\/v2\/posts\/88256\/revisions\/88258"}],"wp:featuredmedia":[{"embeddable":true,"href":"https:\/\/eldiariodesanpedro.com.ar\/sitio\/wp-json\/wp\/v2\/media\/88257"}],"wp:attachment":[{"href":"https:\/\/eldiariodesanpedro.com.ar\/sitio\/wp-json\/wp\/v2\/media?parent=88256"}],"wp:term":[{"taxonomy":"category","embeddable":true,"href":"https:\/\/eldiariodesanpedro.com.ar\/sitio\/wp-json\/wp\/v2\/categories?post=88256"},{"taxonomy":"post_tag","embeddable":true,"href":"https:\/\/eldiariodesanpedro.com.ar\/sitio\/wp-json\/wp\/v2\/tags?post=88256"}],"curies":[{"name":"wp","href":"https:\/\/api.w.org\/{rel}","templated":true}]}}