{"id":88252,"date":"2021-02-26T18:53:19","date_gmt":"2021-02-26T21:53:19","guid":{"rendered":"https:\/\/eldiariodesanpedro.com.ar\/sitio\/?p=88252"},"modified":"2021-02-26T18:53:23","modified_gmt":"2021-02-26T21:53:23","slug":"diego-lafalse-y-una-carta-abierta-la-argentina-que-no-merecemos","status":"publish","type":"post","link":"https:\/\/eldiariodesanpedro.com.ar\/sitio\/diego-lafalse-y-una-carta-abierta-la-argentina-que-no-merecemos\/","title":{"rendered":"Diego Lafalse y una carta abierta \u00abLa Argentina que NO merecemos\u00bb"},"content":{"rendered":"<!-- VideographyWP Plugin Message: Automatic video embedding prevented by plugin options. -->\n\n<p>El representante del PRO en San Pedro realizo una carta abierta en contra de lo sucedido el pasado viernes por parte del sindicato de camioneros en la distribuidora Rey.<\/p>\n\n\n\n<p><em>D\u00eda a d\u00eda veo un retroceso muy grande en todos los aspectos que comprenden la vida en una sociedad civilizada, en una naci\u00f3n que tanto nos cost\u00f3 construir. No quiero remontarme a los hechos de hace 70 a\u00f1os a esta parte, es una discusi\u00f3n muy larga y ya vimos que la memoria y la historia no siempre van de la mano.<br>Para no irme lejos en el tiempo, voy a repudiar en\u00e9rgicamente lo que ha pasado esta \u00faltima semana con lo relacionado a las vacunas y la trama nefasta que se teji\u00f3, que todos ya sabemos y cada d\u00eda se amplia.<br>Mi enojo se acrecienta por lo sucedido en mi ciudad, en nuestra ciudad. Donde un grupo de patoteros y extorcionadores bajo una bandera de gremio, se present\u00f3 ante una empresa imponiendo su queja y a partir de ese momento violentar la vida del barrio y los conciudadanos.<br>Quiero aclarar que desconozco el reclamo y su veracidad por la cual no puedo decir que parte lleva la raz\u00f3n, mi clamor es hacia la FORMA en que se hacen las cosas. Donde se comete un delito que ni un fiscal con la polic\u00eda puede corregir.<br>Los atropellos fueron realizados incluso sobre una mujer que realizaba su trabajo, la Sra. \u201cLili\u201d Berardi, a qui\u00e9n le hago llegar mi apoyo y solidaridad por los momentos vividos.<br>Todos estos hechos son de p\u00fablico conocimiento. Entonces, yo me pregunto: \u00bfD\u00f3nde est\u00e1 el intendente? \u00bfO el secretario de seguridad? O incluso \u201clas feministas\u201d que permiten que estas cosas pasen.<br>Por esto y muchas cosas m\u00e1s es que ma\u00f1ana s\u00e1bado marcho pidiendo por una Argentina mejor que todos merecemos.<br>Sin m\u00e1s, muy atte.<\/em><\/p>\n","protected":false},"excerpt":{"rendered":"<p>El representante del PRO en San Pedro realizo una carta abierta en contra de lo sucedido el pasado viernes por parte del sindicato de camioneros en la distribuidora Rey. D\u00eda a d\u00eda veo un retroceso muy grande en todos los aspectos que comprenden la vida en una sociedad civilizada, en una naci\u00f3n que tanto nos [&hellip;]<\/p>\n","protected":false},"author":4,"featured_media":88253,"comment_status":"open","ping_status":"closed","sticky":false,"template":"","format":"standard","meta":{"om_disable_all_campaigns":false,"_jetpack_memberships_contains_paid_content":false,"footnotes":""},"categories":[101,2],"tags":[],"class_list":["post-88252","post","type-post","status-publish","format-standard","has-post-thumbnail","hentry","category-interes-general-locales","category-locales"],"aioseo_notices":[],"gutentor_comment":0,"jetpack_featured_media_url":"https:\/\/eldiariodesanpedro.com.ar\/sitio\/wp-content\/uploads\/2021\/02\/Sin-titulo-1-6.jpg","jetpack_shortlink":"https:\/\/wp.me\/p6RhLt-mXq","jetpack_sharing_enabled":true,"_links":{"self":[{"href":"https:\/\/eldiariodesanpedro.com.ar\/sitio\/wp-json\/wp\/v2\/posts\/88252","targetHints":{"allow":["GET"]}}],"collection":[{"href":"https:\/\/eldiariodesanpedro.com.ar\/sitio\/wp-json\/wp\/v2\/posts"}],"about":[{"href":"https:\/\/eldiariodesanpedro.com.ar\/sitio\/wp-json\/wp\/v2\/types\/post"}],"author":[{"embeddable":true,"href":"https:\/\/eldiariodesanpedro.com.ar\/sitio\/wp-json\/wp\/v2\/users\/4"}],"replies":[{"embeddable":true,"href":"https:\/\/eldiariodesanpedro.com.ar\/sitio\/wp-json\/wp\/v2\/comments?post=88252"}],"version-history":[{"count":1,"href":"https:\/\/eldiariodesanpedro.com.ar\/sitio\/wp-json\/wp\/v2\/posts\/88252\/revisions"}],"predecessor-version":[{"id":88254,"href":"https:\/\/eldiariodesanpedro.com.ar\/sitio\/wp-json\/wp\/v2\/posts\/88252\/revisions\/88254"}],"wp:featuredmedia":[{"embeddable":true,"href":"https:\/\/eldiariodesanpedro.com.ar\/sitio\/wp-json\/wp\/v2\/media\/88253"}],"wp:attachment":[{"href":"https:\/\/eldiariodesanpedro.com.ar\/sitio\/wp-json\/wp\/v2\/media?parent=88252"}],"wp:term":[{"taxonomy":"category","embeddable":true,"href":"https:\/\/eldiariodesanpedro.com.ar\/sitio\/wp-json\/wp\/v2\/categories?post=88252"},{"taxonomy":"post_tag","embeddable":true,"href":"https:\/\/eldiariodesanpedro.com.ar\/sitio\/wp-json\/wp\/v2\/tags?post=88252"}],"curies":[{"name":"wp","href":"https:\/\/api.w.org\/{rel}","templated":true}]}}