{"id":88241,"date":"2021-02-26T12:49:57","date_gmt":"2021-02-26T15:49:57","guid":{"rendered":"https:\/\/eldiariodesanpedro.com.ar\/sitio\/?p=88241"},"modified":"2021-02-26T12:50:01","modified_gmt":"2021-02-26T15:50:01","slug":"cannabis-medicinal-el-gobierno-de-kicillof-avanza-en-su-produccion-y-comercializacion","status":"publish","type":"post","link":"https:\/\/eldiariodesanpedro.com.ar\/sitio\/cannabis-medicinal-el-gobierno-de-kicillof-avanza-en-su-produccion-y-comercializacion\/","title":{"rendered":"Cannabis medicinal: El gobierno de Kicillof avanza en su producci\u00f3n y comercializaci\u00f3n"},"content":{"rendered":"<!-- VideographyWP Plugin Message: Automatic video embedding prevented by plugin options. -->\n\n<p>El Gobierno de la provincia de Buenos Aires present\u00f3 en la Legislatura un proyecto de ley para la producci\u00f3n, desarrollo, investigaci\u00f3n y comercializaci\u00f3n del cannabis medicinal. La iniciativa busca crear la Agencia y el Registro Provincial de Cannabis como marco regulatorio para el cultivo y la compra de los productos con ayuda del Estado.<\/p>\n\n\n\n<p>La propuesta elevada busca modificar la Ley 14.924 y ratificar la adhesi\u00f3n a la Ley nacional 27.350 creando el marco regulatorio para la investigaci\u00f3n cient\u00edfica y el uso medicinal del cannabis Sativa y sus derivados.<\/p>\n\n\n\n<p>El proyecto de Ley crear\u00e1 bajo la \u00f3rbita de la Agencia Provincial de Cannabis el Registro Provincial de Cannabis que deber\u00e1 posibilitar la trazabilidad de los insumos, cultivos y derivados del cannabis que utilicen personas inscriptas en el Registro.<\/p>\n\n\n\n<p>Asimismo, se explic\u00f3 que las personas que necesiten del cannabis y sus derivados para tratamientos m\u00e9dicos podr\u00e1n inscribirse voluntariamente en el Registro. Mientras que quienes pretendan acceder al cannabis a trav\u00e9s del autocultivo deber\u00e1n registrarse obligatoriamente. El autocultivo ser\u00e1 autorizado siempre que cumpla con las disposiciones que la Agencia defina para la actividad.<\/p>\n\n\n\n<p>El proyecto propone que podr\u00e1n cultivar y producir particulares o municipios interesados. La producci\u00f3n, y control de Cannabis y sus derivados ser\u00e1n de laboratorios p\u00fablicos y privados y universidades y\/o establecimientos productivos e industriales inscriptos y autorizados por el Registro Provincial.<\/p>\n\n\n\n<p>El proyecto autoriza en el \u00e1mbito provincial la prescripci\u00f3n del aceite de cannabis o sus derivados para tratamiento m\u00e9dico en todo el sistema de salud provincial. Su uso deber\u00e1 contar con la respectiva prescripci\u00f3n m\u00e9dica para tratamiento espec\u00edfico, y se podr\u00e1 obtener exclusivamente a trav\u00e9s de farmacias habilitadas conforme Ley 10.606. La ley tambi\u00e9n propicia la investigaci\u00f3n y desarrollo para la medicina veterinaria.<\/p>\n\n\n\n<p>Adem\u00e1s, el proyecto crea el \u201cPrograma de Cultivo Solidario\u201d con participaci\u00f3n de las Organizaciones de la Sociedad Civil que quieran participar para asistir y capacitar a los pacientes que cuenten con autorizaci\u00f3n para cultivar.<\/p>\n\n\n\n<p>La iniciativa tambi\u00e9n crea un Consejo Asesor Honorario integrado por representantes de los Ministerios de Salud, de Seguridad , de Producci\u00f3n, de Desarrollo Agrario, Justicia y DDHH y de Hacienda y Finanzas.<\/p>\n\n\n\n<p>La ministra de Gobierno, Mar\u00eda Teresa Garc\u00eda junto al Ministro de Salud, Daniel Gollan fueron quienes presentaron el proyecto de Ley que crea la Agencia y el Registro Provincial de Cannabis. \u201cEste proyecto de Ley nos permite avanzar sobre la definici\u00f3n de una pol\u00edtica p\u00fablica integral sobre la tem\u00e1tica del cannabis desde la investigaci\u00f3n, la producci\u00f3n, la comercializaci\u00f3n, la autoproducci\u00f3n y la industrializaci\u00f3n. Llegamos a este gobierno con el mandato del Gobernador Kicillof de ordenar el territorio en todos los sentidos y la creaci\u00f3n de la Agencia del Cannabis busca convertirse en el espacio donde converjan todas esas problem\u00e1ticas\u201d, se\u00f1al\u00f3 Garc\u00eda en su exposici\u00f3n.<\/p>\n\n\n\n<p>A su turno, Goll\u00e1n se\u00f1al\u00f3 que \u201clo m\u00e1s importante es crear un organismo que sea capaz de ordenar a los actores, la investigaci\u00f3n, la industrializaci\u00f3n y las potencialidades que vayan surgiendo\u201d. As\u00ed tambi\u00e9n adelant\u00f3 que esta ley \u201cnos da un marco jur\u00eddico para llevar adelante esta tarea y es muy importante porque el cannabis tiene capacidad de mejorar la vida de las personas\u201d.<\/p>\n\n\n\n<p>En el encuentro que se realiz\u00f3 en la C\u00e1mara de Diputados, estuvieron presentes la Presidenta de la Comisi\u00f3n de Salud, diputada Mar\u00eda Laura Ram\u00edrez, el Presidente de la Comisi\u00f3n de Presupuesto, diputado Juan Pablo De Jes\u00fas, la Presidenta de Comisi\u00f3n de Asuntos Constitucionales Susana Gonz\u00e1lez, el Presidente de la Comisi\u00f3n de Legislaci\u00f3n General Mario Giaccobe. Tambi\u00e9n participaron v\u00eda remota los miembros de estas comisiones.<\/p>\n\n\n\n<p>Fuente: <a href=\"https:\/\/informepolitico.com.ar\/cannabis-medicinal-el-gobierno-de-kicillof-avanza-en-su-produccion-y-comercializacion\/\">informa Politico<\/a><\/p>\n","protected":false},"excerpt":{"rendered":"<p>El Gobierno de la provincia de Buenos Aires present\u00f3 en la Legislatura un proyecto de ley para la producci\u00f3n, desarrollo, investigaci\u00f3n y comercializaci\u00f3n del cannabis medicinal. La iniciativa busca crear la Agencia y el Registro Provincial de Cannabis como marco regulatorio para el cultivo y la compra de los productos con ayuda del Estado. La [&hellip;]<\/p>\n","protected":false},"author":4,"featured_media":88242,"comment_status":"open","ping_status":"closed","sticky":false,"template":"","format":"standard","meta":{"om_disable_all_campaigns":false,"_jetpack_memberships_contains_paid_content":false,"footnotes":""},"categories":[621],"tags":[],"class_list":["post-88241","post","type-post","status-publish","format-standard","has-post-thumbnail","hentry","category-regionales"],"aioseo_notices":[],"gutentor_comment":0,"jetpack_featured_media_url":"https:\/\/eldiariodesanpedro.com.ar\/sitio\/wp-content\/uploads\/2021\/02\/cannabis-sp.jpg","jetpack_shortlink":"https:\/\/wp.me\/p6RhLt-mXf","jetpack_sharing_enabled":true,"_links":{"self":[{"href":"https:\/\/eldiariodesanpedro.com.ar\/sitio\/wp-json\/wp\/v2\/posts\/88241","targetHints":{"allow":["GET"]}}],"collection":[{"href":"https:\/\/eldiariodesanpedro.com.ar\/sitio\/wp-json\/wp\/v2\/posts"}],"about":[{"href":"https:\/\/eldiariodesanpedro.com.ar\/sitio\/wp-json\/wp\/v2\/types\/post"}],"author":[{"embeddable":true,"href":"https:\/\/eldiariodesanpedro.com.ar\/sitio\/wp-json\/wp\/v2\/users\/4"}],"replies":[{"embeddable":true,"href":"https:\/\/eldiariodesanpedro.com.ar\/sitio\/wp-json\/wp\/v2\/comments?post=88241"}],"version-history":[{"count":1,"href":"https:\/\/eldiariodesanpedro.com.ar\/sitio\/wp-json\/wp\/v2\/posts\/88241\/revisions"}],"predecessor-version":[{"id":88243,"href":"https:\/\/eldiariodesanpedro.com.ar\/sitio\/wp-json\/wp\/v2\/posts\/88241\/revisions\/88243"}],"wp:featuredmedia":[{"embeddable":true,"href":"https:\/\/eldiariodesanpedro.com.ar\/sitio\/wp-json\/wp\/v2\/media\/88242"}],"wp:attachment":[{"href":"https:\/\/eldiariodesanpedro.com.ar\/sitio\/wp-json\/wp\/v2\/media?parent=88241"}],"wp:term":[{"taxonomy":"category","embeddable":true,"href":"https:\/\/eldiariodesanpedro.com.ar\/sitio\/wp-json\/wp\/v2\/categories?post=88241"},{"taxonomy":"post_tag","embeddable":true,"href":"https:\/\/eldiariodesanpedro.com.ar\/sitio\/wp-json\/wp\/v2\/tags?post=88241"}],"curies":[{"name":"wp","href":"https:\/\/api.w.org\/{rel}","templated":true}]}}