{"id":8824,"date":"2016-10-14T10:16:35","date_gmt":"2016-10-14T13:16:35","guid":{"rendered":"https:\/\/eldiariodesanpedro.com.ar\/sitio\/?p=8824"},"modified":"2016-10-14T11:59:43","modified_gmt":"2016-10-14T14:59:43","slug":"secuestraron-veintiseis-motos-un-automovil-y-una-persona-detenida-en-operativos","status":"publish","type":"post","link":"https:\/\/eldiariodesanpedro.com.ar\/sitio\/secuestraron-veintiseis-motos-un-automovil-y-una-persona-detenida-en-operativos\/","title":{"rendered":"Secuestraron veintis\u00e9is motos, un autom\u00f3vil y una persona detenida en operativos"},"content":{"rendered":"<p><!-- VideographyWP Plugin Message: Automatic video embedding prevented by plugin options. --><br \/>\nDurante la jornada de ayer se realizaron amplios operativos de transito en diferentes puntos de la ciudad, fueron llevados a cabo por personal de DDI de Baradero, el GAD San Pedro y personal de inspecci\u00f3n municipal en conjunto. <\/p>\n<p>Se secuestraron 26 motos y un autom\u00f3vil, ademas un hombre de 28 a\u00f1os fue detenido por resistirse al momento de ser secuestrado su veh\u00edculo, el mismo fue trasladado a la comisaria local siendo luego de algunos minutos liberado por orden de la UFI n\u00ba 7.<\/p>\n<p>En total durante el d\u00eda de ayer se secuestraron 35 motos en diferentes puntos de la ciudad. <\/p>\n","protected":false},"excerpt":{"rendered":"<p>Durante la jornada de ayer se realizaron amplios operativos de transito en diferentes puntos de la ciudad, fueron llevados a cabo por personal de DDI de Baradero, el GAD San Pedro y personal de inspecci\u00f3n municipal en conjunto. Se secuestraron 26 motos y un autom\u00f3vil, ademas un hombre de 28 a\u00f1os fue detenido por resistirse [&hellip;]<\/p>\n","protected":false},"author":4,"featured_media":8825,"comment_status":"open","ping_status":"closed","sticky":false,"template":"","format":"standard","meta":{"om_disable_all_campaigns":false,"_jetpack_memberships_contains_paid_content":false,"footnotes":""},"categories":[101,2],"tags":[],"class_list":["post-8824","post","type-post","status-publish","format-standard","has-post-thumbnail","hentry","category-interes-general-locales","category-locales"],"aioseo_notices":[],"gutentor_comment":0,"jetpack_featured_media_url":"https:\/\/eldiariodesanpedro.com.ar\/sitio\/wp-content\/uploads\/2016\/10\/operativo_2902_4_0.jpg","jetpack_shortlink":"https:\/\/wp.me\/p6RhLt-2ik","jetpack_sharing_enabled":true,"_links":{"self":[{"href":"https:\/\/eldiariodesanpedro.com.ar\/sitio\/wp-json\/wp\/v2\/posts\/8824","targetHints":{"allow":["GET"]}}],"collection":[{"href":"https:\/\/eldiariodesanpedro.com.ar\/sitio\/wp-json\/wp\/v2\/posts"}],"about":[{"href":"https:\/\/eldiariodesanpedro.com.ar\/sitio\/wp-json\/wp\/v2\/types\/post"}],"author":[{"embeddable":true,"href":"https:\/\/eldiariodesanpedro.com.ar\/sitio\/wp-json\/wp\/v2\/users\/4"}],"replies":[{"embeddable":true,"href":"https:\/\/eldiariodesanpedro.com.ar\/sitio\/wp-json\/wp\/v2\/comments?post=8824"}],"version-history":[{"count":3,"href":"https:\/\/eldiariodesanpedro.com.ar\/sitio\/wp-json\/wp\/v2\/posts\/8824\/revisions"}],"predecessor-version":[{"id":8828,"href":"https:\/\/eldiariodesanpedro.com.ar\/sitio\/wp-json\/wp\/v2\/posts\/8824\/revisions\/8828"}],"wp:featuredmedia":[{"embeddable":true,"href":"https:\/\/eldiariodesanpedro.com.ar\/sitio\/wp-json\/wp\/v2\/media\/8825"}],"wp:attachment":[{"href":"https:\/\/eldiariodesanpedro.com.ar\/sitio\/wp-json\/wp\/v2\/media?parent=8824"}],"wp:term":[{"taxonomy":"category","embeddable":true,"href":"https:\/\/eldiariodesanpedro.com.ar\/sitio\/wp-json\/wp\/v2\/categories?post=8824"},{"taxonomy":"post_tag","embeddable":true,"href":"https:\/\/eldiariodesanpedro.com.ar\/sitio\/wp-json\/wp\/v2\/tags?post=8824"}],"curies":[{"name":"wp","href":"https:\/\/api.w.org\/{rel}","templated":true}]}}