{"id":88234,"date":"2021-02-26T12:32:30","date_gmt":"2021-02-26T15:32:30","guid":{"rendered":"https:\/\/eldiariodesanpedro.com.ar\/sitio\/?p=88234"},"modified":"2021-02-26T12:32:35","modified_gmt":"2021-02-26T15:32:35","slug":"zarate-delincuentes-armados-le-apuntaron-en-la-cabeza-a-beba-de-un-mes-y-robaron-en-una-casa","status":"publish","type":"post","link":"https:\/\/eldiariodesanpedro.com.ar\/sitio\/zarate-delincuentes-armados-le-apuntaron-en-la-cabeza-a-beba-de-un-mes-y-robaron-en-una-casa\/","title":{"rendered":"Z\u00c1RATE | Delincuentes armados le apuntaron en la cabeza a beba de un mes y robaron en una casa"},"content":{"rendered":"<!-- VideographyWP Plugin Message: Automatic video embedding prevented by plugin options. -->\n\n<p><strong>Un nuevo hecho de inseguridad ocurri\u00f3 en el barrio Figueredo de Z\u00e1rate. Dos malvivientes armados apuntaron a una madre y su beba de un mes y robaron lo que encontraron a su paso.&nbsp;<\/strong><\/p>\n\n\n\n<p>El violento episodio se desarroll\u00f3 esta medianoche en una vivienda ubicada en calle Almafuerte al 1800 del barrio Figueredo de Z\u00e1rate mientras una mujer de 35 a\u00f1os de edad se encontraba en su habitaci\u00f3n junto a su beba de un mes. De manera intempestiva, dos malvivientes forcejearon una puerta y se dirigieron hasta el lugar donde se encontraba la madre junto a su peque\u00f1a hija.<\/p>\n\n\n\n<p>Los ladrones le apuntaron con un arma de fuego en la cabeza a la beba, su madre qued\u00f3 paralizada y posteriormente, al estar las luces apagadas, con la luz de la linterna del celular, los malvivientes comenzaron a ver qu\u00e9 pod\u00edan robar. Fue as\u00ed como se llevaron televisor led Noblex 32\u2033, un celular Samsung J7 Neo Samsung con funda de b\u00fao y billetera con documentos de Mariana Lorena Villagra, Tob\u00edas Valent\u00edn Troya y Helen Ail\u00edn Guevara.<\/p>\n\n\n\n<p>Posteriormente los malvivientes se dieron a la fuga, en tanto que la v\u00edctima radic\u00f3 la denuncia y sospechan que ambos delincuentes ser\u00edan menores de edad por la contextura f\u00edsica. Adem\u00e1s le lleg\u00f3 el dato que tanto el televisor como el celular estar\u00edan siendo ofrecidos a la venta en el barrio 6 de Agosto, a los pocos minutos de haberse concretado el robo.<\/p>\n\n\n\n<p>Fuente: <a href=\"https:\/\/impactolocal.com.ar\/2021\/02\/26\/delincuentes-armados-le-apuntaron-en-la-cabeza-a-beba-de-un-mes-y-robaron-en-una-casa\/\">Impacto Local<\/a><\/p>\n","protected":false},"excerpt":{"rendered":"<p>Un nuevo hecho de inseguridad ocurri\u00f3 en el barrio Figueredo de Z\u00e1rate. Dos malvivientes armados apuntaron a una madre y su beba de un mes y robaron lo que encontraron a su paso.&nbsp; El violento episodio se desarroll\u00f3 esta medianoche en una vivienda ubicada en calle Almafuerte al 1800 del barrio Figueredo de Z\u00e1rate mientras [&hellip;]<\/p>\n","protected":false},"author":4,"featured_media":88235,"comment_status":"open","ping_status":"closed","sticky":false,"template":"","format":"standard","meta":{"om_disable_all_campaigns":false,"_jetpack_memberships_contains_paid_content":false,"footnotes":""},"categories":[621],"tags":[],"class_list":["post-88234","post","type-post","status-publish","format-standard","has-post-thumbnail","hentry","category-regionales"],"aioseo_notices":[],"gutentor_comment":0,"jetpack_featured_media_url":"https:\/\/eldiariodesanpedro.com.ar\/sitio\/wp-content\/uploads\/2021\/02\/patrullero-policia-noche-696x401-1.jpg","jetpack_shortlink":"https:\/\/wp.me\/p6RhLt-mX8","jetpack_sharing_enabled":true,"_links":{"self":[{"href":"https:\/\/eldiariodesanpedro.com.ar\/sitio\/wp-json\/wp\/v2\/posts\/88234","targetHints":{"allow":["GET"]}}],"collection":[{"href":"https:\/\/eldiariodesanpedro.com.ar\/sitio\/wp-json\/wp\/v2\/posts"}],"about":[{"href":"https:\/\/eldiariodesanpedro.com.ar\/sitio\/wp-json\/wp\/v2\/types\/post"}],"author":[{"embeddable":true,"href":"https:\/\/eldiariodesanpedro.com.ar\/sitio\/wp-json\/wp\/v2\/users\/4"}],"replies":[{"embeddable":true,"href":"https:\/\/eldiariodesanpedro.com.ar\/sitio\/wp-json\/wp\/v2\/comments?post=88234"}],"version-history":[{"count":1,"href":"https:\/\/eldiariodesanpedro.com.ar\/sitio\/wp-json\/wp\/v2\/posts\/88234\/revisions"}],"predecessor-version":[{"id":88236,"href":"https:\/\/eldiariodesanpedro.com.ar\/sitio\/wp-json\/wp\/v2\/posts\/88234\/revisions\/88236"}],"wp:featuredmedia":[{"embeddable":true,"href":"https:\/\/eldiariodesanpedro.com.ar\/sitio\/wp-json\/wp\/v2\/media\/88235"}],"wp:attachment":[{"href":"https:\/\/eldiariodesanpedro.com.ar\/sitio\/wp-json\/wp\/v2\/media?parent=88234"}],"wp:term":[{"taxonomy":"category","embeddable":true,"href":"https:\/\/eldiariodesanpedro.com.ar\/sitio\/wp-json\/wp\/v2\/categories?post=88234"},{"taxonomy":"post_tag","embeddable":true,"href":"https:\/\/eldiariodesanpedro.com.ar\/sitio\/wp-json\/wp\/v2\/tags?post=88234"}],"curies":[{"name":"wp","href":"https:\/\/api.w.org\/{rel}","templated":true}]}}