{"id":88232,"date":"2021-02-26T12:27:38","date_gmt":"2021-02-26T15:27:38","guid":{"rendered":"https:\/\/eldiariodesanpedro.com.ar\/sitio\/?p=88232"},"modified":"2021-02-26T12:27:42","modified_gmt":"2021-02-26T15:27:42","slug":"ramallo-arrebeef-cierra-segun-su-dueno-hugo-borrel","status":"publish","type":"post","link":"https:\/\/eldiariodesanpedro.com.ar\/sitio\/ramallo-arrebeef-cierra-segun-su-dueno-hugo-borrel\/","title":{"rendered":"RAMALLO | \u00abArrebeef cierra\u00bb segun su due\u00f1o Hugo Borrel"},"content":{"rendered":"<!-- VideographyWP Plugin Message: Automatic video embedding prevented by plugin options. -->\n\n<p>Tras los reclamos de los trabajadores que vienen suscit\u00e1ndose desde ayer, con paro de actividades y luego que los trabajadores no acataran la conciliaci\u00f3n obligatoria dictada por el Ministerio de Trabajo de la Naci\u00f3n, el due\u00f1o de la empresa, Hugo Borrel, anunci\u00f3 el cierre del frigor\u00edfico. <\/p>\n\n\n\n<p>Los m\u00e1s de 1.000 trabajadores que operan en la empresa siguen en pie de lucha y no se mueven de las instalaciones.<\/p>\n\n\n\n<p>Fuente: <a href=\"https:\/\/www.facebook.com\/ramallocity\/videos\/439233410730633\">Ramallo City<\/a><\/p>\n","protected":false},"excerpt":{"rendered":"<p>Tras los reclamos de los trabajadores que vienen suscit\u00e1ndose desde ayer, con paro de actividades y luego que los trabajadores no acataran la conciliaci\u00f3n obligatoria dictada por el Ministerio de Trabajo de la Naci\u00f3n, el due\u00f1o de la empresa, Hugo Borrel, anunci\u00f3 el cierre del frigor\u00edfico. Los m\u00e1s de 1.000 trabajadores que operan en la [&hellip;]<\/p>\n","protected":false},"author":4,"featured_media":88190,"comment_status":"open","ping_status":"closed","sticky":false,"template":"","format":"standard","meta":{"om_disable_all_campaigns":false,"_jetpack_memberships_contains_paid_content":false,"footnotes":""},"categories":[101,2],"tags":[],"class_list":["post-88232","post","type-post","status-publish","format-standard","has-post-thumbnail","hentry","category-interes-general-locales","category-locales"],"aioseo_notices":[],"gutentor_comment":0,"jetpack_featured_media_url":"https:\/\/eldiariodesanpedro.com.ar\/sitio\/wp-content\/uploads\/2021\/02\/ArreBeef-protesta-784x510-1.jpg","jetpack_shortlink":"https:\/\/wp.me\/p6RhLt-mX6","jetpack_sharing_enabled":true,"_links":{"self":[{"href":"https:\/\/eldiariodesanpedro.com.ar\/sitio\/wp-json\/wp\/v2\/posts\/88232","targetHints":{"allow":["GET"]}}],"collection":[{"href":"https:\/\/eldiariodesanpedro.com.ar\/sitio\/wp-json\/wp\/v2\/posts"}],"about":[{"href":"https:\/\/eldiariodesanpedro.com.ar\/sitio\/wp-json\/wp\/v2\/types\/post"}],"author":[{"embeddable":true,"href":"https:\/\/eldiariodesanpedro.com.ar\/sitio\/wp-json\/wp\/v2\/users\/4"}],"replies":[{"embeddable":true,"href":"https:\/\/eldiariodesanpedro.com.ar\/sitio\/wp-json\/wp\/v2\/comments?post=88232"}],"version-history":[{"count":1,"href":"https:\/\/eldiariodesanpedro.com.ar\/sitio\/wp-json\/wp\/v2\/posts\/88232\/revisions"}],"predecessor-version":[{"id":88233,"href":"https:\/\/eldiariodesanpedro.com.ar\/sitio\/wp-json\/wp\/v2\/posts\/88232\/revisions\/88233"}],"wp:featuredmedia":[{"embeddable":true,"href":"https:\/\/eldiariodesanpedro.com.ar\/sitio\/wp-json\/wp\/v2\/media\/88190"}],"wp:attachment":[{"href":"https:\/\/eldiariodesanpedro.com.ar\/sitio\/wp-json\/wp\/v2\/media?parent=88232"}],"wp:term":[{"taxonomy":"category","embeddable":true,"href":"https:\/\/eldiariodesanpedro.com.ar\/sitio\/wp-json\/wp\/v2\/categories?post=88232"},{"taxonomy":"post_tag","embeddable":true,"href":"https:\/\/eldiariodesanpedro.com.ar\/sitio\/wp-json\/wp\/v2\/tags?post=88232"}],"curies":[{"name":"wp","href":"https:\/\/api.w.org\/{rel}","templated":true}]}}