{"id":88229,"date":"2021-02-26T12:08:52","date_gmt":"2021-02-26T15:08:52","guid":{"rendered":"https:\/\/eldiariodesanpedro.com.ar\/sitio\/?p=88229"},"modified":"2021-02-26T12:08:56","modified_gmt":"2021-02-26T15:08:56","slug":"abrio-la-inscripcion-para-que-se-vacune-el-personal-educativo","status":"publish","type":"post","link":"https:\/\/eldiariodesanpedro.com.ar\/sitio\/abrio-la-inscripcion-para-que-se-vacune-el-personal-educativo\/","title":{"rendered":"Abri\u00f3 la inscripci\u00f3n para que se vacune el personal educativo"},"content":{"rendered":"<!-- VideographyWP Plugin Message: Automatic video embedding prevented by plugin options. -->\n\n<p><strong>Docentes, no docentes, directivos y personal de apoyo de instituciones educativas oficiales de cualquier nivel que deseen ser vacunados contra el coronavirus, podr\u00e1n registrarse desde este jueves en una plataforma on line, con el objetivo de actualizar los datos de estos trabajadores para organizar la log\u00edstica de la vacunaci\u00f3n.<\/strong><\/p>\n\n\n\n<p>El registro contempla a los trabajadores del sector de todo el pa\u00eds que deseen recibir la vacuna, excepto los de las provincias de Buenos Aires, San Luis, Tucum\u00e1n, C\u00f3rdoba, Chubut y La Pampa, que deber\u00e1n consultar los sitios que dispongan esas jurisdicciones.<\/p>\n\n\n\n<p>\u201cTen\u00e9 en cuenta que no est\u00e1s sacando un turno ni haciendo una reserva para que te apliquen la vacuna. Cuando las dosis est\u00e9n disponibles y el cronograma de vacunaci\u00f3n confirmado, vas a recibir una notificaci\u00f3n de las autoridades de tu jurisdicci\u00f3n\u201d, es lo primero que se lee en la p\u00e1gina&nbsp;<strong><a href=\"https:\/\/www.argentina.gob.ar\/coronavirus\/vacuna\/docentes\" target=\"_blank\" rel=\"noreferrer noopener\">https:\/\/www.argentina.gob.ar\/coronavirus\/vacuna\/docentes<\/a><\/strong>, donde se abri\u00f3 la inscripci\u00f3n.<\/p>\n\n\n\n<p>El objetivo de este registro es \u201cactualizar y contar con la informaci\u00f3n real de la cantidad, localizaci\u00f3n e inserci\u00f3n laboral (modalidades, niveles, funciones) de personas que trabajan en establecimientos educativos, con voluntad de vacunarse, para que las autoridades sanitarias puedan organizar la distribuci\u00f3n de las vacunas en todo el pa\u00eds de acuerdo con la demanda que se exprese en el relevamiento y las prioridades acordadas por el Consejo Federal de Educaci\u00f3n\u201d, inform\u00f3 la cartera de Educaci\u00f3n a trav\u00e9s de un comunicado.<\/p>\n\n\n\n<p>Una vez en la plataforma, quienes deseen inscribirse deben ingresar el distrito en el que cumplen funciones y completar el formulario.<\/p>\n\n\n\n<p>De acuerdo con los registros del \u00faltimo censo de 2014 y datos de 2019, la cantidad de personas que trabajan en establecimientos educativos en todo el pa\u00eds (en funciones con y sin designaci\u00f3n docente) asciende a 1.458.084.<\/p>\n\n\n\n<p>Las cifras se desagregar\u00e1n seg\u00fan jurisdicci\u00f3n con el objetivo de programar la log\u00edstica federal de distribuci\u00f3n de las vacunas contra la Covid-19. A su vez, al interior de las jurisdicciones se estim\u00f3 la cantidad de personal a vacunar en cada uno de los grupos de prioridad, establecidos por resoluci\u00f3n del Consejo Federal de Educaci\u00f3n.<strong>C\u00f3mo ser\u00e1 el orden<\/strong><\/p>\n\n\n\n<p>En primer lugar, se vacunar\u00e1 a personal de direcci\u00f3n y gesti\u00f3n; de supervisi\u00f3n e inspecci\u00f3n; docentes frente a alumnos de Nivel Inicial (incluye ciclo maternal), Nivel Primario, primer ciclo (1\u00b0, 2\u00b0 y 3\u00b0 grado) y de Educaci\u00f3n Especial.<\/p>\n\n\n\n<p>Luego ser\u00e1 el turno de personal de apoyo a la ense\u00f1anza; personal sin designaci\u00f3n docente pero que trabaja en establecimientos educativos de la educaci\u00f3n obligatoria en distintas \u00e1reas y servicios.<\/p>\n\n\n\n<p>En el tercer grupo de vacunaci\u00f3n entran los docentes frente a alumnos del segundo ciclo de nivel primario y luego de Nivel Secundario, de Educaci\u00f3n Permanente para J\u00f3venes y Adultos en todos sus niveles e instructores de formaci\u00f3n profesional.<\/p>\n\n\n\n<p>Por \u00faltimo, ser\u00e1n vacunados docentes y no docentes de institutos de educaci\u00f3n superior y universidades.<\/p>\n","protected":false},"excerpt":{"rendered":"<p>Docentes, no docentes, directivos y personal de apoyo de instituciones educativas oficiales de cualquier nivel que deseen ser vacunados contra el coronavirus, podr\u00e1n registrarse desde este jueves en una plataforma on line, con el objetivo de actualizar los datos de estos trabajadores para organizar la log\u00edstica de la vacunaci\u00f3n. El registro contempla a los trabajadores [&hellip;]<\/p>\n","protected":false},"author":4,"featured_media":88230,"comment_status":"open","ping_status":"closed","sticky":false,"template":"","format":"standard","meta":{"om_disable_all_campaigns":false,"_jetpack_memberships_contains_paid_content":false,"footnotes":""},"categories":[50,101,2],"tags":[],"class_list":["post-88229","post","type-post","status-publish","format-standard","has-post-thumbnail","hentry","category-destacadas","category-interes-general-locales","category-locales"],"aioseo_notices":[],"gutentor_comment":0,"jetpack_featured_media_url":"https:\/\/eldiariodesanpedro.com.ar\/sitio\/wp-content\/uploads\/2021\/02\/docente-aula-escuela-1.jpg","jetpack_shortlink":"https:\/\/wp.me\/p6RhLt-mX3","jetpack_sharing_enabled":true,"_links":{"self":[{"href":"https:\/\/eldiariodesanpedro.com.ar\/sitio\/wp-json\/wp\/v2\/posts\/88229","targetHints":{"allow":["GET"]}}],"collection":[{"href":"https:\/\/eldiariodesanpedro.com.ar\/sitio\/wp-json\/wp\/v2\/posts"}],"about":[{"href":"https:\/\/eldiariodesanpedro.com.ar\/sitio\/wp-json\/wp\/v2\/types\/post"}],"author":[{"embeddable":true,"href":"https:\/\/eldiariodesanpedro.com.ar\/sitio\/wp-json\/wp\/v2\/users\/4"}],"replies":[{"embeddable":true,"href":"https:\/\/eldiariodesanpedro.com.ar\/sitio\/wp-json\/wp\/v2\/comments?post=88229"}],"version-history":[{"count":1,"href":"https:\/\/eldiariodesanpedro.com.ar\/sitio\/wp-json\/wp\/v2\/posts\/88229\/revisions"}],"predecessor-version":[{"id":88231,"href":"https:\/\/eldiariodesanpedro.com.ar\/sitio\/wp-json\/wp\/v2\/posts\/88229\/revisions\/88231"}],"wp:featuredmedia":[{"embeddable":true,"href":"https:\/\/eldiariodesanpedro.com.ar\/sitio\/wp-json\/wp\/v2\/media\/88230"}],"wp:attachment":[{"href":"https:\/\/eldiariodesanpedro.com.ar\/sitio\/wp-json\/wp\/v2\/media?parent=88229"}],"wp:term":[{"taxonomy":"category","embeddable":true,"href":"https:\/\/eldiariodesanpedro.com.ar\/sitio\/wp-json\/wp\/v2\/categories?post=88229"},{"taxonomy":"post_tag","embeddable":true,"href":"https:\/\/eldiariodesanpedro.com.ar\/sitio\/wp-json\/wp\/v2\/tags?post=88229"}],"curies":[{"name":"wp","href":"https:\/\/api.w.org\/{rel}","templated":true}]}}