{"id":8821,"date":"2016-10-14T09:34:21","date_gmt":"2016-10-14T12:34:21","guid":{"rendered":"https:\/\/eldiariodesanpedro.com.ar\/sitio\/?p=8821"},"modified":"2016-10-14T09:34:21","modified_gmt":"2016-10-14T12:34:21","slug":"un-camion-secuestrado-en-un-control","status":"publish","type":"post","link":"https:\/\/eldiariodesanpedro.com.ar\/sitio\/un-camion-secuestrado-en-un-control\/","title":{"rendered":"Un cami\u00f3n secuestrado en un control"},"content":{"rendered":"<p><!-- VideographyWP Plugin Message: Automatic video embedding prevented by plugin options. --><br \/>\nEn la ma\u00f1ana de este jueves en la intersecci\u00f3n de la ruta 1001 y la av. Crucero General Belgrano fue detenido en un control realizado por personal de de la CGT.<\/p>\n<p>El veh\u00edculo quien habr\u00eda salido desde la planta de fabricaci\u00f3n de premoldeados de hormig\u00f3n,  el mismo trato de evadir el control que llevaba a cabo la CGT en conjunto con el Ministerio de Trabajo de la Provincia de Buenos Aires.<\/p>\n<p>En el lugar se hizo presente el propietario del rodado y siendo secuestrado el mismo. En la misma ma\u00f1ana fue secuestrado otro cami\u00f3n en las cercan\u00edas de R\u00edo Tala, por presentar irregularidades en sus papeles.<\/p>\n<p>Imagen: Somos Noticia<\/p>\n","protected":false},"excerpt":{"rendered":"<p>En la ma\u00f1ana de este jueves en la intersecci\u00f3n de la ruta 1001 y la av. Crucero General Belgrano fue detenido en un control realizado por personal de de la CGT. El veh\u00edculo quien habr\u00eda salido desde la planta de fabricaci\u00f3n de premoldeados de hormig\u00f3n, el mismo trato de evadir el control que llevaba a [&hellip;]<\/p>\n","protected":false},"author":4,"featured_media":8822,"comment_status":"open","ping_status":"closed","sticky":false,"template":"","format":"standard","meta":{"om_disable_all_campaigns":false,"_jetpack_memberships_contains_paid_content":false,"footnotes":""},"categories":[101,2],"tags":[],"class_list":["post-8821","post","type-post","status-publish","format-standard","has-post-thumbnail","hentry","category-interes-general-locales","category-locales"],"aioseo_notices":[],"gutentor_comment":0,"jetpack_featured_media_url":"https:\/\/eldiariodesanpedro.com.ar\/sitio\/wp-content\/uploads\/2016\/10\/Camioneros-control-Ruta-1001-y-Crucero-1.jpg","jetpack_shortlink":"https:\/\/wp.me\/p6RhLt-2ih","jetpack_sharing_enabled":true,"_links":{"self":[{"href":"https:\/\/eldiariodesanpedro.com.ar\/sitio\/wp-json\/wp\/v2\/posts\/8821","targetHints":{"allow":["GET"]}}],"collection":[{"href":"https:\/\/eldiariodesanpedro.com.ar\/sitio\/wp-json\/wp\/v2\/posts"}],"about":[{"href":"https:\/\/eldiariodesanpedro.com.ar\/sitio\/wp-json\/wp\/v2\/types\/post"}],"author":[{"embeddable":true,"href":"https:\/\/eldiariodesanpedro.com.ar\/sitio\/wp-json\/wp\/v2\/users\/4"}],"replies":[{"embeddable":true,"href":"https:\/\/eldiariodesanpedro.com.ar\/sitio\/wp-json\/wp\/v2\/comments?post=8821"}],"version-history":[{"count":1,"href":"https:\/\/eldiariodesanpedro.com.ar\/sitio\/wp-json\/wp\/v2\/posts\/8821\/revisions"}],"predecessor-version":[{"id":8823,"href":"https:\/\/eldiariodesanpedro.com.ar\/sitio\/wp-json\/wp\/v2\/posts\/8821\/revisions\/8823"}],"wp:featuredmedia":[{"embeddable":true,"href":"https:\/\/eldiariodesanpedro.com.ar\/sitio\/wp-json\/wp\/v2\/media\/8822"}],"wp:attachment":[{"href":"https:\/\/eldiariodesanpedro.com.ar\/sitio\/wp-json\/wp\/v2\/media?parent=8821"}],"wp:term":[{"taxonomy":"category","embeddable":true,"href":"https:\/\/eldiariodesanpedro.com.ar\/sitio\/wp-json\/wp\/v2\/categories?post=8821"},{"taxonomy":"post_tag","embeddable":true,"href":"https:\/\/eldiariodesanpedro.com.ar\/sitio\/wp-json\/wp\/v2\/tags?post=8821"}],"curies":[{"name":"wp","href":"https:\/\/api.w.org\/{rel}","templated":true}]}}