{"id":88189,"date":"2021-02-25T19:56:28","date_gmt":"2021-02-25T22:56:28","guid":{"rendered":"https:\/\/eldiariodesanpedro.com.ar\/sitio\/?p=88189"},"modified":"2021-02-25T19:56:31","modified_gmt":"2021-02-25T22:56:31","slug":"ramallo-conflicto-gremial-para-la-planta-de-arrebeef","status":"publish","type":"post","link":"https:\/\/eldiariodesanpedro.com.ar\/sitio\/ramallo-conflicto-gremial-para-la-planta-de-arrebeef\/","title":{"rendered":"RAMALLO | Conflicto gremial para la planta de ArreBeef"},"content":{"rendered":"<!-- VideographyWP Plugin Message: Automatic video embedding prevented by plugin options. -->\n\n<p>Una protesta de trabajadores del frigor\u00edfico ArreBeef par\u00f3 hoy la actividad de la planta ubicada en P\u00e9rez Mill\u00e1n y amenaza con continuar hasta tanto no logren respuestas a sus reclamos.<\/p>\n\n\n\n<p>El conflicto, que viene ya de varios meses, se genera en una interna gremial, con la mayor\u00eda de los empleados del frigor\u00edfico levant\u00e1ndose contra la conducci\u00f3n del Sindicato de Trabajadores de la Carne, que entienden que no los defiende ni los protege.<\/p>\n\n\n\n<p>Adem\u00e1s, ese sindicato deb\u00eda haber llamado a elecciones para renovar sus autoridades el a\u00f1o pasado, lo que se posterg\u00f3 debido a la pandemia y lo siguen posponiendo. La teor\u00eda de los trabajadores que reclaman es que \u201cno quieren elecciones porque en condiciones normales saben que pierden; ahora dicen que las van a realizar reci\u00e9n en agosto\u201d.<\/p>\n\n\n\n<p>El delegado de los trabajadores en protesta, Juan Marcelo Cardoso, explic\u00f3 en RADIO UNO (107.1) que \u201cmientras tanto, la empresa nos sigue realizando descuentos que no corresponden y no tenemos paritarias ni aumentos. Todo porque el sindicato, que no nos representa, acuerda eso con ellos. Ya no aguantamos m\u00e1s y vamos a continuar con el paro hasta tanto recibamos una respuesta satisfactoria\u201d.<\/p>\n\n\n\n<p>Lo que pide esta mayor\u00eda de empleados de ArreBeef es que la empresa trate con ellos, aparte de con el sindicato. No obstante, por ley, el frigor\u00edfico est\u00e1 obligado a negociar con el sindicato legalmente constituido, cuyas autoridades \u201cse aferran a sus cargos en forma antidemocr\u00e1tica, piensan s\u00f3lo en ellos y no en los trabajadores\u201d, se quejaron.<\/p>\n\n\n\n<p>Fuente: <a href=\"https:\/\/arrecifesnoticias.com\/nacionales\/conflicto-gremial-para-la-planta-de-arrebeef\/\">Arrecifes Noticias<\/a><\/p>\n\n\n\n<p><\/p>\n","protected":false},"excerpt":{"rendered":"<p>Una protesta de trabajadores del frigor\u00edfico ArreBeef par\u00f3 hoy la actividad de la planta ubicada en P\u00e9rez Mill\u00e1n y amenaza con continuar hasta tanto no logren respuestas a sus reclamos. El conflicto, que viene ya de varios meses, se genera en una interna gremial, con la mayor\u00eda de los empleados del frigor\u00edfico levant\u00e1ndose contra la [&hellip;]<\/p>\n","protected":false},"author":4,"featured_media":88190,"comment_status":"open","ping_status":"closed","sticky":false,"template":"","format":"standard","meta":{"om_disable_all_campaigns":false,"_jetpack_memberships_contains_paid_content":false,"footnotes":""},"categories":[621],"tags":[],"class_list":["post-88189","post","type-post","status-publish","format-standard","has-post-thumbnail","hentry","category-regionales"],"aioseo_notices":[],"gutentor_comment":0,"jetpack_featured_media_url":"https:\/\/eldiariodesanpedro.com.ar\/sitio\/wp-content\/uploads\/2021\/02\/ArreBeef-protesta-784x510-1.jpg","jetpack_shortlink":"https:\/\/wp.me\/p6RhLt-mWp","jetpack_sharing_enabled":true,"_links":{"self":[{"href":"https:\/\/eldiariodesanpedro.com.ar\/sitio\/wp-json\/wp\/v2\/posts\/88189","targetHints":{"allow":["GET"]}}],"collection":[{"href":"https:\/\/eldiariodesanpedro.com.ar\/sitio\/wp-json\/wp\/v2\/posts"}],"about":[{"href":"https:\/\/eldiariodesanpedro.com.ar\/sitio\/wp-json\/wp\/v2\/types\/post"}],"author":[{"embeddable":true,"href":"https:\/\/eldiariodesanpedro.com.ar\/sitio\/wp-json\/wp\/v2\/users\/4"}],"replies":[{"embeddable":true,"href":"https:\/\/eldiariodesanpedro.com.ar\/sitio\/wp-json\/wp\/v2\/comments?post=88189"}],"version-history":[{"count":1,"href":"https:\/\/eldiariodesanpedro.com.ar\/sitio\/wp-json\/wp\/v2\/posts\/88189\/revisions"}],"predecessor-version":[{"id":88191,"href":"https:\/\/eldiariodesanpedro.com.ar\/sitio\/wp-json\/wp\/v2\/posts\/88189\/revisions\/88191"}],"wp:featuredmedia":[{"embeddable":true,"href":"https:\/\/eldiariodesanpedro.com.ar\/sitio\/wp-json\/wp\/v2\/media\/88190"}],"wp:attachment":[{"href":"https:\/\/eldiariodesanpedro.com.ar\/sitio\/wp-json\/wp\/v2\/media?parent=88189"}],"wp:term":[{"taxonomy":"category","embeddable":true,"href":"https:\/\/eldiariodesanpedro.com.ar\/sitio\/wp-json\/wp\/v2\/categories?post=88189"},{"taxonomy":"post_tag","embeddable":true,"href":"https:\/\/eldiariodesanpedro.com.ar\/sitio\/wp-json\/wp\/v2\/tags?post=88189"}],"curies":[{"name":"wp","href":"https:\/\/api.w.org\/{rel}","templated":true}]}}