{"id":8818,"date":"2016-10-13T21:00:28","date_gmt":"2016-10-14T00:00:28","guid":{"rendered":"https:\/\/eldiariodesanpedro.com.ar\/sitio\/?p=8818"},"modified":"2016-10-13T21:00:28","modified_gmt":"2016-10-14T00:00:28","slug":"se-refrendo-el-acuerdo-entre-coopser-y-accionistas-de-la-clinica-san-martin","status":"publish","type":"post","link":"https:\/\/eldiariodesanpedro.com.ar\/sitio\/se-refrendo-el-acuerdo-entre-coopser-y-accionistas-de-la-clinica-san-martin\/","title":{"rendered":"Se refrend\u00f3 el acuerdo entre Coopser y accionistas de la Cl\u00ednica San Mart\u00edn"},"content":{"rendered":"<p><!-- VideographyWP Plugin Message: Automatic video embedding prevented by plugin options. --><br \/>\nTrabajadores del centro asistencial esperaron ansiosamente el encuentro, que se llev\u00f3 ayer cerca de las 19.30, donde los socios entregaron el preconvenio firmado. Ahora la Coopser podr\u00e1 comenzar a realizar las refacciones necesarias para dejar el edificio en condiciones para su pr\u00f3xima apertura.<br \/>\nCabe destacar que anteriormente debieron conformar una sociedad an\u00f3nima, donde los accionistas herederos debieron hacer un traspaso de las acciones al resto. Esto se debe que los que son profesionales m\u00e9dicos devolver\u00e1n parte de la deuda con un porcentaje de lo facturado con la atenci\u00f3n de los pacientes. El problema radicaba justamente en los que no desempe\u00f1an la actividad.<br \/>\nLa asamblea autoriz\u00f3 al Consejo de Administraci\u00f3n a gastar 14 millones de pesos, que es lo que los asesores de la Coopser han determinado como el valor del centro asistencial. <\/p>\n","protected":false},"excerpt":{"rendered":"<p>Trabajadores del centro asistencial esperaron ansiosamente el encuentro, que se llev\u00f3 ayer cerca de las 19.30, donde los socios entregaron el preconvenio firmado. Ahora la Coopser podr\u00e1 comenzar a realizar las refacciones necesarias para dejar el edificio en condiciones para su pr\u00f3xima apertura. Cabe destacar que anteriormente debieron conformar una sociedad an\u00f3nima, donde los accionistas [&hellip;]<\/p>\n","protected":false},"author":4,"featured_media":8819,"comment_status":"open","ping_status":"closed","sticky":false,"template":"","format":"standard","meta":{"om_disable_all_campaigns":false,"_jetpack_memberships_contains_paid_content":false,"footnotes":""},"categories":[50,101,2],"tags":[],"class_list":["post-8818","post","type-post","status-publish","format-standard","has-post-thumbnail","hentry","category-destacadas","category-interes-general-locales","category-locales"],"aioseo_notices":[],"gutentor_comment":0,"jetpack_featured_media_url":"https:\/\/eldiariodesanpedro.com.ar\/sitio\/wp-content\/uploads\/2016\/10\/FOTO-TAPA-2.jpg","jetpack_shortlink":"https:\/\/wp.me\/p6RhLt-2ie","jetpack_sharing_enabled":true,"_links":{"self":[{"href":"https:\/\/eldiariodesanpedro.com.ar\/sitio\/wp-json\/wp\/v2\/posts\/8818","targetHints":{"allow":["GET"]}}],"collection":[{"href":"https:\/\/eldiariodesanpedro.com.ar\/sitio\/wp-json\/wp\/v2\/posts"}],"about":[{"href":"https:\/\/eldiariodesanpedro.com.ar\/sitio\/wp-json\/wp\/v2\/types\/post"}],"author":[{"embeddable":true,"href":"https:\/\/eldiariodesanpedro.com.ar\/sitio\/wp-json\/wp\/v2\/users\/4"}],"replies":[{"embeddable":true,"href":"https:\/\/eldiariodesanpedro.com.ar\/sitio\/wp-json\/wp\/v2\/comments?post=8818"}],"version-history":[{"count":1,"href":"https:\/\/eldiariodesanpedro.com.ar\/sitio\/wp-json\/wp\/v2\/posts\/8818\/revisions"}],"predecessor-version":[{"id":8820,"href":"https:\/\/eldiariodesanpedro.com.ar\/sitio\/wp-json\/wp\/v2\/posts\/8818\/revisions\/8820"}],"wp:featuredmedia":[{"embeddable":true,"href":"https:\/\/eldiariodesanpedro.com.ar\/sitio\/wp-json\/wp\/v2\/media\/8819"}],"wp:attachment":[{"href":"https:\/\/eldiariodesanpedro.com.ar\/sitio\/wp-json\/wp\/v2\/media?parent=8818"}],"wp:term":[{"taxonomy":"category","embeddable":true,"href":"https:\/\/eldiariodesanpedro.com.ar\/sitio\/wp-json\/wp\/v2\/categories?post=8818"},{"taxonomy":"post_tag","embeddable":true,"href":"https:\/\/eldiariodesanpedro.com.ar\/sitio\/wp-json\/wp\/v2\/tags?post=8818"}],"curies":[{"name":"wp","href":"https:\/\/api.w.org\/{rel}","templated":true}]}}