{"id":8810,"date":"2016-10-13T18:24:15","date_gmt":"2016-10-13T21:24:15","guid":{"rendered":"https:\/\/eldiariodesanpedro.com.ar\/sitio\/?p=8810"},"modified":"2016-10-13T18:24:15","modified_gmt":"2016-10-13T21:24:15","slug":"el-jefe-comunal-escucho-el-reclamo-de-los-trabajadores-del-inta","status":"publish","type":"post","link":"https:\/\/eldiariodesanpedro.com.ar\/sitio\/el-jefe-comunal-escucho-el-reclamo-de-los-trabajadores-del-inta\/","title":{"rendered":"El Jefe Comunal escuch\u00f3 el reclamo de los trabajadores del INTA"},"content":{"rendered":"<p><!-- VideographyWP Plugin Message: Automatic video embedding prevented by plugin options. --><br \/>\nEn su despacho, el Intendente Cecilio Salazar recibi\u00f3 a los trabajadores de INTA que expusieron su preocupaci\u00f3n ya que notan que sus puestos de trabajos se ven amenazados por la falta de inversi\u00f3n del gobierno nacional. El Jefe Comunal escuch\u00f3 a los presentes, se puso a disposici\u00f3n y se comprometi\u00f3 a colaborar para evitar que pierdan sus fuentes laborales.<br \/>\nCabe recordar que el martes los trabajadores del Instituto Nacional de Tecnolog\u00eda Agropecuaria (INTA) realizaron diversas movilizaciones en todo el pa\u00eds en protesta por el recorte presupuestario del organismo previsto en la ley de Presupuesto 2017 y luego de que toda la cadena agroindustrial saliera a respaldar a la instituci\u00f3n, se encendi\u00f3 una luz de esperanza y por el momento las fuentes laborales no estar\u00edan en peligro.<br \/>\n Las acciones en todo el territorio nacional permitieron informar a la poblaci\u00f3n sobre el impacto que tendr\u00e1 este ajuste en los trabajadores: p\u00e9rdida de autarqu\u00eda para la designaci\u00f3n de RR.HH. de Ciencia y Tecnolog\u00eda; menos recursos humanos que implicar\u00e1 menos presencia en los territorios; esto sin contar las dificultades que generar\u00eda en la demora o postergaci\u00f3n en distintos proyectos de investigaci\u00f3n y extensi\u00f3n, menor mantenimiento en edificios, equipamiento y parque automotor.<br \/>\nSeg\u00fan el diario \u00ab\u00c1mbito Financiero el presidente del INTA, Amadeo Nicora, intent\u00f3 calmar las aguas: \u00abdesde Agroindustria nos aseguraron que en el pr\u00f3ximo a\u00f1o la instituci\u00f3n no tendr\u00e1 ning\u00fan inconveniente para funcionar. Adem\u00e1s disponemos de un fondo de auto financiaci\u00f3n proveniente del 0,5% del valor CIF de las importaciones, que en el pr\u00f3ximo a\u00f1o rondar\u00eda los 700 millones de pesos, en ese caso podr\u00edamos acceder a ese dinero pero antes debemos contar con la autorizaci\u00f3n previa de la Jefatura de Gabinete\u00bb.<br \/>\nPor otro lado el presidente del INTA explica que en este momento se est\u00e1n realizando diversas inversiones en distintos proyectos de investigaci\u00f3n y que ninguno corre peligro inmediato \u00abdisponemos de un dinero que fue asignado por el Banco Interamericano de Desarrollo (BID) y quiz\u00e1s, mirando para adelante, tendremos que reasignar estos recursos en orden de prioridad y en lo que respecta al futuro estamos confiados de que la situaci\u00f3n se resolver\u00e1 de la mejor manera posible\u00bb.<br \/>\nMientras tanto los t\u00e9cnicos y el personal del INTA aseguran que la cuesti\u00f3n debe solucionarse en el Presupuesto que se est\u00e1 debatiendo en el Congreso y no depender de otras partidas extraordinarias que est\u00e1n sujetas a decisiones por fuera del organismo.<\/p>\n","protected":false},"excerpt":{"rendered":"<p>En su despacho, el Intendente Cecilio Salazar recibi\u00f3 a los trabajadores de INTA que expusieron su preocupaci\u00f3n ya que notan que sus puestos de trabajos se ven amenazados por la falta de inversi\u00f3n del gobierno nacional. El Jefe Comunal escuch\u00f3 a los presentes, se puso a disposici\u00f3n y se comprometi\u00f3 a colaborar para evitar que [&hellip;]<\/p>\n","protected":false},"author":4,"featured_media":8811,"comment_status":"open","ping_status":"closed","sticky":false,"template":"","format":"standard","meta":{"om_disable_all_campaigns":false,"_jetpack_memberships_contains_paid_content":false,"footnotes":""},"categories":[50,2,102],"tags":[],"class_list":["post-8810","post","type-post","status-publish","format-standard","has-post-thumbnail","hentry","category-destacadas","category-locales","category-politica-locales"],"aioseo_notices":[],"gutentor_comment":0,"jetpack_featured_media_url":"https:\/\/eldiariodesanpedro.com.ar\/sitio\/wp-content\/uploads\/2016\/10\/PAGINA-3-5.jpg","jetpack_shortlink":"https:\/\/wp.me\/p6RhLt-2i6","jetpack_sharing_enabled":true,"_links":{"self":[{"href":"https:\/\/eldiariodesanpedro.com.ar\/sitio\/wp-json\/wp\/v2\/posts\/8810","targetHints":{"allow":["GET"]}}],"collection":[{"href":"https:\/\/eldiariodesanpedro.com.ar\/sitio\/wp-json\/wp\/v2\/posts"}],"about":[{"href":"https:\/\/eldiariodesanpedro.com.ar\/sitio\/wp-json\/wp\/v2\/types\/post"}],"author":[{"embeddable":true,"href":"https:\/\/eldiariodesanpedro.com.ar\/sitio\/wp-json\/wp\/v2\/users\/4"}],"replies":[{"embeddable":true,"href":"https:\/\/eldiariodesanpedro.com.ar\/sitio\/wp-json\/wp\/v2\/comments?post=8810"}],"version-history":[{"count":1,"href":"https:\/\/eldiariodesanpedro.com.ar\/sitio\/wp-json\/wp\/v2\/posts\/8810\/revisions"}],"predecessor-version":[{"id":8812,"href":"https:\/\/eldiariodesanpedro.com.ar\/sitio\/wp-json\/wp\/v2\/posts\/8810\/revisions\/8812"}],"wp:featuredmedia":[{"embeddable":true,"href":"https:\/\/eldiariodesanpedro.com.ar\/sitio\/wp-json\/wp\/v2\/media\/8811"}],"wp:attachment":[{"href":"https:\/\/eldiariodesanpedro.com.ar\/sitio\/wp-json\/wp\/v2\/media?parent=8810"}],"wp:term":[{"taxonomy":"category","embeddable":true,"href":"https:\/\/eldiariodesanpedro.com.ar\/sitio\/wp-json\/wp\/v2\/categories?post=8810"},{"taxonomy":"post_tag","embeddable":true,"href":"https:\/\/eldiariodesanpedro.com.ar\/sitio\/wp-json\/wp\/v2\/tags?post=8810"}],"curies":[{"name":"wp","href":"https:\/\/api.w.org\/{rel}","templated":true}]}}