{"id":8807,"date":"2016-10-13T18:23:09","date_gmt":"2016-10-13T21:23:09","guid":{"rendered":"https:\/\/eldiariodesanpedro.com.ar\/sitio\/?p=8807"},"modified":"2016-10-13T18:23:09","modified_gmt":"2016-10-13T21:23:09","slug":"concejales-de-cambiemos-y-funcionarios-se-reunieron-con-el-fiscal-manso","status":"publish","type":"post","link":"https:\/\/eldiariodesanpedro.com.ar\/sitio\/concejales-de-cambiemos-y-funcionarios-se-reunieron-con-el-fiscal-manso\/","title":{"rendered":"Concejales de Cambiemos y funcionarios se reunieron con el fiscal Manso"},"content":{"rendered":"<p><!-- VideographyWP Plugin Message: Automatic video embedding prevented by plugin options. --><br \/>\nLo dio a conocer la Municipalidad de San Pedro a trav\u00e9s de un comunicado. All\u00ed se explic\u00f3 el motivo del encuentro: \u00abEn el marco de las reuniones que mantenemos peri\u00f3dicamente con agentes de nuestra sociedad, este jueves los concejales de Cambiemos y funcionarios del Gabinete se reunieron con el fiscal Marcelo Manso para conocer c\u00f3mo est\u00e1 trabajando la fiscal\u00eda de cara a combatir la inseguridad que tanto nos preocupa. Nos pusimos a disposici\u00f3n del fiscal para avanzar en las investigaciones que tanto \u00e9l como sus colegas llevan adelante\u00bb.<\/p>\n","protected":false},"excerpt":{"rendered":"<p>Lo dio a conocer la Municipalidad de San Pedro a trav\u00e9s de un comunicado. All\u00ed se explic\u00f3 el motivo del encuentro: \u00abEn el marco de las reuniones que mantenemos peri\u00f3dicamente con agentes de nuestra sociedad, este jueves los concejales de Cambiemos y funcionarios del Gabinete se reunieron con el fiscal Marcelo Manso para conocer c\u00f3mo [&hellip;]<\/p>\n","protected":false},"author":4,"featured_media":8808,"comment_status":"open","ping_status":"closed","sticky":false,"template":"","format":"standard","meta":{"om_disable_all_campaigns":false,"_jetpack_memberships_contains_paid_content":false,"footnotes":""},"categories":[101,2],"tags":[],"class_list":["post-8807","post","type-post","status-publish","format-standard","has-post-thumbnail","hentry","category-interes-general-locales","category-locales"],"aioseo_notices":[],"gutentor_comment":0,"jetpack_featured_media_url":"https:\/\/eldiariodesanpedro.com.ar\/sitio\/wp-content\/uploads\/2016\/10\/PAGINA-4-02-2.jpg","jetpack_shortlink":"https:\/\/wp.me\/p6RhLt-2i3","jetpack_sharing_enabled":true,"_links":{"self":[{"href":"https:\/\/eldiariodesanpedro.com.ar\/sitio\/wp-json\/wp\/v2\/posts\/8807","targetHints":{"allow":["GET"]}}],"collection":[{"href":"https:\/\/eldiariodesanpedro.com.ar\/sitio\/wp-json\/wp\/v2\/posts"}],"about":[{"href":"https:\/\/eldiariodesanpedro.com.ar\/sitio\/wp-json\/wp\/v2\/types\/post"}],"author":[{"embeddable":true,"href":"https:\/\/eldiariodesanpedro.com.ar\/sitio\/wp-json\/wp\/v2\/users\/4"}],"replies":[{"embeddable":true,"href":"https:\/\/eldiariodesanpedro.com.ar\/sitio\/wp-json\/wp\/v2\/comments?post=8807"}],"version-history":[{"count":1,"href":"https:\/\/eldiariodesanpedro.com.ar\/sitio\/wp-json\/wp\/v2\/posts\/8807\/revisions"}],"predecessor-version":[{"id":8809,"href":"https:\/\/eldiariodesanpedro.com.ar\/sitio\/wp-json\/wp\/v2\/posts\/8807\/revisions\/8809"}],"wp:featuredmedia":[{"embeddable":true,"href":"https:\/\/eldiariodesanpedro.com.ar\/sitio\/wp-json\/wp\/v2\/media\/8808"}],"wp:attachment":[{"href":"https:\/\/eldiariodesanpedro.com.ar\/sitio\/wp-json\/wp\/v2\/media?parent=8807"}],"wp:term":[{"taxonomy":"category","embeddable":true,"href":"https:\/\/eldiariodesanpedro.com.ar\/sitio\/wp-json\/wp\/v2\/categories?post=8807"},{"taxonomy":"post_tag","embeddable":true,"href":"https:\/\/eldiariodesanpedro.com.ar\/sitio\/wp-json\/wp\/v2\/tags?post=8807"}],"curies":[{"name":"wp","href":"https:\/\/api.w.org\/{rel}","templated":true}]}}