{"id":8804,"date":"2016-10-13T18:22:24","date_gmt":"2016-10-13T21:22:24","guid":{"rendered":"https:\/\/eldiariodesanpedro.com.ar\/sitio\/?p=8804"},"modified":"2016-10-13T18:22:24","modified_gmt":"2016-10-13T21:22:24","slug":"nuevo-equipamiento-para-el-jardin-pulgarcito","status":"publish","type":"post","link":"https:\/\/eldiariodesanpedro.com.ar\/sitio\/nuevo-equipamiento-para-el-jardin-pulgarcito\/","title":{"rendered":"Nuevo equipamiento para el Jard\u00edn Pulgarcito"},"content":{"rendered":"<p><!-- VideographyWP Plugin Message: Automatic video embedding prevented by plugin options. --><br \/>\nCon la intenci\u00f3n de dar respuesta a las necesidades de docentes y alumnos, este mi\u00e9rcoles el intendente Cecilio Salazar se present\u00f3 en Pueblo Doyle, donde entreg\u00f3 nuevo equipamiento para el establecimiento.<br \/>\nDesde ayer, cuentan con una nueva cocina para preparar el desayuno y la merienda de los ni\u00f1os, un TV LED y una impresora.<br \/>\nA trav\u00e9s de su p\u00e1gina institucional de Facebook, el jefe comunal sostuvo: \u00abHoy nos reunimos con maestras y pap\u00e1s del jard\u00edn Pulgarcito de Pueblo Doyle, y nos encontramos con un grupo humano que en estos \u00faltimos a\u00f1os ha hecho hasta lo imposible para que sus hijos puedan ir a clases, nos contaban su desilusi\u00f3n con las reformas que nunca hab\u00edan podido terminar, hoy fuimos a pedirles que nos tengan fe, porque nosotros queremos que las cosas se hagan, como ya lo hicimos con el jard\u00edn 918 y lo estamos haciendo con la EP27, EES 17 y tantas m\u00e1s\u00bb.<br \/>\nY agreg\u00f3: \u00abDesde hoy los chicos cuentan con un TV Led, una impresora y una cocina nueva para poder merendar, nosotros estamos para hacer, por eso ya se abri\u00f3 el concurso de licitaci\u00f3n para terminar las obras y al fin inaugurar, as\u00ed juntos podamos llegar al pr\u00f3ximo a\u00f1o sin ni\u00f1os que no tengan un banco en las escuelas, escuelas y jardines en condiciones \u00f3ptimas, donde se pueda dar clases todo el a\u00f1o\u00bb.<\/p>\n","protected":false},"excerpt":{"rendered":"<p>Con la intenci\u00f3n de dar respuesta a las necesidades de docentes y alumnos, este mi\u00e9rcoles el intendente Cecilio Salazar se present\u00f3 en Pueblo Doyle, donde entreg\u00f3 nuevo equipamiento para el establecimiento. Desde ayer, cuentan con una nueva cocina para preparar el desayuno y la merienda de los ni\u00f1os, un TV LED y una impresora. A [&hellip;]<\/p>\n","protected":false},"author":4,"featured_media":8805,"comment_status":"open","ping_status":"closed","sticky":false,"template":"","format":"standard","meta":{"om_disable_all_campaigns":false,"_jetpack_memberships_contains_paid_content":false,"footnotes":""},"categories":[50,101,2],"tags":[],"class_list":["post-8804","post","type-post","status-publish","format-standard","has-post-thumbnail","hentry","category-destacadas","category-interes-general-locales","category-locales"],"aioseo_notices":[],"gutentor_comment":0,"jetpack_featured_media_url":"https:\/\/eldiariodesanpedro.com.ar\/sitio\/wp-content\/uploads\/2016\/10\/PAGINA-4-01-1.jpg","jetpack_shortlink":"https:\/\/wp.me\/p6RhLt-2i0","jetpack_sharing_enabled":true,"_links":{"self":[{"href":"https:\/\/eldiariodesanpedro.com.ar\/sitio\/wp-json\/wp\/v2\/posts\/8804","targetHints":{"allow":["GET"]}}],"collection":[{"href":"https:\/\/eldiariodesanpedro.com.ar\/sitio\/wp-json\/wp\/v2\/posts"}],"about":[{"href":"https:\/\/eldiariodesanpedro.com.ar\/sitio\/wp-json\/wp\/v2\/types\/post"}],"author":[{"embeddable":true,"href":"https:\/\/eldiariodesanpedro.com.ar\/sitio\/wp-json\/wp\/v2\/users\/4"}],"replies":[{"embeddable":true,"href":"https:\/\/eldiariodesanpedro.com.ar\/sitio\/wp-json\/wp\/v2\/comments?post=8804"}],"version-history":[{"count":1,"href":"https:\/\/eldiariodesanpedro.com.ar\/sitio\/wp-json\/wp\/v2\/posts\/8804\/revisions"}],"predecessor-version":[{"id":8806,"href":"https:\/\/eldiariodesanpedro.com.ar\/sitio\/wp-json\/wp\/v2\/posts\/8804\/revisions\/8806"}],"wp:featuredmedia":[{"embeddable":true,"href":"https:\/\/eldiariodesanpedro.com.ar\/sitio\/wp-json\/wp\/v2\/media\/8805"}],"wp:attachment":[{"href":"https:\/\/eldiariodesanpedro.com.ar\/sitio\/wp-json\/wp\/v2\/media?parent=8804"}],"wp:term":[{"taxonomy":"category","embeddable":true,"href":"https:\/\/eldiariodesanpedro.com.ar\/sitio\/wp-json\/wp\/v2\/categories?post=8804"},{"taxonomy":"post_tag","embeddable":true,"href":"https:\/\/eldiariodesanpedro.com.ar\/sitio\/wp-json\/wp\/v2\/tags?post=8804"}],"curies":[{"name":"wp","href":"https:\/\/api.w.org\/{rel}","templated":true}]}}