{"id":8802,"date":"2016-10-13T18:20:33","date_gmt":"2016-10-13T21:20:33","guid":{"rendered":"https:\/\/eldiariodesanpedro.com.ar\/sitio\/?p=8802"},"modified":"2016-10-13T18:20:33","modified_gmt":"2016-10-13T21:20:33","slug":"baradero-detuvieron-a-un-hombre-imputado-por-el-delito-de-homicidio-en-grado-de-tentativa","status":"publish","type":"post","link":"https:\/\/eldiariodesanpedro.com.ar\/sitio\/baradero-detuvieron-a-un-hombre-imputado-por-el-delito-de-homicidio-en-grado-de-tentativa\/","title":{"rendered":"Baradero: Detuvieron a un hombre imputado por el delito de homicidio en grado de tentativa"},"content":{"rendered":"<p><!-- VideographyWP Plugin Message: Automatic video embedding prevented by plugin options. --><br \/>\nFue denunciado por la familia del joven Agust\u00edn Ar\u00e9valo. El joven est\u00e1 internado, en estado delicado, despu\u00e9s de sufrir un golpe en la cabeza. La causa est\u00e1 siendo investigada por el fiscal de la UFI N\u00ba 9, Vicente G\u00f3mez, quien solicit\u00f3 la detenci\u00f3n de un hombre de 37 a\u00f1os con quien el herido tendr\u00eda una relaci\u00f3n de parentesco.<br \/>\nEn el d\u00eda de ayer, personal de la Estaci\u00f3n de Polic\u00eda Comunal Baradero, en forma conjunta con personal de la Comisar\u00eda de la Mujer y Familia Baradero y Sub DDI Baradero San Pedro, efectivizaron diligencia de allanamiento en un domicilio ubicado sobre la arteria Guiralde de esta ciudad, el cual arroj\u00f3 resultado positivo por cuanto se procedi\u00f3 a la detenci\u00f3n de una persona de sexo masculino de 37 a\u00f1os de edad, el cual se encuentra imputado del delito de Homicidio en Grado de Tentativa, iniciado el pasado 11 del corriente resultando la dependencia preventora la Comisar\u00eda de la Mujer y la Familia de Baradero.<br \/>\nConforme la investigaci\u00f3n surge que el ahora aprehendido habr\u00eda agredido f\u00edsicamente a una persona de sexo masculino de 26 a\u00f1os, el cual a consecuencia de las lesiones sufridas a\u00fan permanece internado. En las actuaciones interviene la UFI N\u00ba 9 del Departamento Judicial San Nicol\u00e1s.<\/p>\n","protected":false},"excerpt":{"rendered":"<p>Fue denunciado por la familia del joven Agust\u00edn Ar\u00e9valo. El joven est\u00e1 internado, en estado delicado, despu\u00e9s de sufrir un golpe en la cabeza. La causa est\u00e1 siendo investigada por el fiscal de la UFI N\u00ba 9, Vicente G\u00f3mez, quien solicit\u00f3 la detenci\u00f3n de un hombre de 37 a\u00f1os con quien el herido tendr\u00eda una [&hellip;]<\/p>\n","protected":false},"author":4,"featured_media":1378,"comment_status":"open","ping_status":"closed","sticky":false,"template":"","format":"standard","meta":{"om_disable_all_campaigns":false,"_jetpack_memberships_contains_paid_content":false,"footnotes":""},"categories":[101,2],"tags":[],"class_list":["post-8802","post","type-post","status-publish","format-standard","has-post-thumbnail","hentry","category-interes-general-locales","category-locales"],"aioseo_notices":[],"gutentor_comment":0,"jetpack_featured_media_url":"https:\/\/eldiariodesanpedro.com.ar\/sitio\/wp-content\/uploads\/2015\/12\/detenido-esposado-620x413.jpg","jetpack_shortlink":"https:\/\/wp.me\/p6RhLt-2hY","jetpack_sharing_enabled":true,"_links":{"self":[{"href":"https:\/\/eldiariodesanpedro.com.ar\/sitio\/wp-json\/wp\/v2\/posts\/8802","targetHints":{"allow":["GET"]}}],"collection":[{"href":"https:\/\/eldiariodesanpedro.com.ar\/sitio\/wp-json\/wp\/v2\/posts"}],"about":[{"href":"https:\/\/eldiariodesanpedro.com.ar\/sitio\/wp-json\/wp\/v2\/types\/post"}],"author":[{"embeddable":true,"href":"https:\/\/eldiariodesanpedro.com.ar\/sitio\/wp-json\/wp\/v2\/users\/4"}],"replies":[{"embeddable":true,"href":"https:\/\/eldiariodesanpedro.com.ar\/sitio\/wp-json\/wp\/v2\/comments?post=8802"}],"version-history":[{"count":1,"href":"https:\/\/eldiariodesanpedro.com.ar\/sitio\/wp-json\/wp\/v2\/posts\/8802\/revisions"}],"predecessor-version":[{"id":8803,"href":"https:\/\/eldiariodesanpedro.com.ar\/sitio\/wp-json\/wp\/v2\/posts\/8802\/revisions\/8803"}],"wp:featuredmedia":[{"embeddable":true,"href":"https:\/\/eldiariodesanpedro.com.ar\/sitio\/wp-json\/wp\/v2\/media\/1378"}],"wp:attachment":[{"href":"https:\/\/eldiariodesanpedro.com.ar\/sitio\/wp-json\/wp\/v2\/media?parent=8802"}],"wp:term":[{"taxonomy":"category","embeddable":true,"href":"https:\/\/eldiariodesanpedro.com.ar\/sitio\/wp-json\/wp\/v2\/categories?post=8802"},{"taxonomy":"post_tag","embeddable":true,"href":"https:\/\/eldiariodesanpedro.com.ar\/sitio\/wp-json\/wp\/v2\/tags?post=8802"}],"curies":[{"name":"wp","href":"https:\/\/api.w.org\/{rel}","templated":true}]}}