{"id":8792,"date":"2016-10-13T18:10:56","date_gmt":"2016-10-13T21:10:56","guid":{"rendered":"https:\/\/eldiariodesanpedro.com.ar\/sitio\/?p=8792"},"modified":"2016-10-13T18:10:56","modified_gmt":"2016-10-13T21:10:56","slug":"delincuentes-asaltaron-a-un-cobrador","status":"publish","type":"post","link":"https:\/\/eldiariodesanpedro.com.ar\/sitio\/delincuentes-asaltaron-a-un-cobrador\/","title":{"rendered":"Delincuentes asaltaron a un cobrador"},"content":{"rendered":"<p><!-- VideographyWP Plugin Message: Automatic video embedding prevented by plugin options. --><br \/>\nSucedi\u00f3 el mi\u00e9rcoles por la tarde cuando el hombre fue interceptado por dos malvivientes en la v\u00eda p\u00fablica y, tras amedrentarlo con un arma blanca, le sustrajeron la recaudaci\u00f3n por un monto no especificado de dinero. Seg\u00fan se pudo constatar, los ladrones ten\u00edan en rostro semicubierto para ocultar su identidad.<br \/>\nEl damnificado, que realiza la cobranza de rifas para dos instituciones de la ciudad, no result\u00f3 lesionado por los delincuentes, quienes tras cometer el il\u00edcito se dieron a la fuga corriendo.<br \/>\nInterviene la UFI N\u00ba 5.<\/p>\n","protected":false},"excerpt":{"rendered":"<p>Sucedi\u00f3 el mi\u00e9rcoles por la tarde cuando el hombre fue interceptado por dos malvivientes en la v\u00eda p\u00fablica y, tras amedrentarlo con un arma blanca, le sustrajeron la recaudaci\u00f3n por un monto no especificado de dinero. Seg\u00fan se pudo constatar, los ladrones ten\u00edan en rostro semicubierto para ocultar su identidad. El damnificado, que realiza la [&hellip;]<\/p>\n","protected":false},"author":4,"featured_media":5635,"comment_status":"open","ping_status":"closed","sticky":false,"template":"","format":"standard","meta":{"om_disable_all_campaigns":false,"_jetpack_memberships_contains_paid_content":false,"footnotes":""},"categories":[50,2,103],"tags":[],"class_list":["post-8792","post","type-post","status-publish","format-standard","has-post-thumbnail","hentry","category-destacadas","category-locales","category-policiales-locales"],"aioseo_notices":[],"gutentor_comment":0,"jetpack_featured_media_url":"https:\/\/eldiariodesanpedro.com.ar\/sitio\/wp-content\/uploads\/2016\/06\/comisaria-sanpedro.jpg","jetpack_shortlink":"https:\/\/wp.me\/p6RhLt-2hO","jetpack_sharing_enabled":true,"_links":{"self":[{"href":"https:\/\/eldiariodesanpedro.com.ar\/sitio\/wp-json\/wp\/v2\/posts\/8792","targetHints":{"allow":["GET"]}}],"collection":[{"href":"https:\/\/eldiariodesanpedro.com.ar\/sitio\/wp-json\/wp\/v2\/posts"}],"about":[{"href":"https:\/\/eldiariodesanpedro.com.ar\/sitio\/wp-json\/wp\/v2\/types\/post"}],"author":[{"embeddable":true,"href":"https:\/\/eldiariodesanpedro.com.ar\/sitio\/wp-json\/wp\/v2\/users\/4"}],"replies":[{"embeddable":true,"href":"https:\/\/eldiariodesanpedro.com.ar\/sitio\/wp-json\/wp\/v2\/comments?post=8792"}],"version-history":[{"count":1,"href":"https:\/\/eldiariodesanpedro.com.ar\/sitio\/wp-json\/wp\/v2\/posts\/8792\/revisions"}],"predecessor-version":[{"id":8793,"href":"https:\/\/eldiariodesanpedro.com.ar\/sitio\/wp-json\/wp\/v2\/posts\/8792\/revisions\/8793"}],"wp:featuredmedia":[{"embeddable":true,"href":"https:\/\/eldiariodesanpedro.com.ar\/sitio\/wp-json\/wp\/v2\/media\/5635"}],"wp:attachment":[{"href":"https:\/\/eldiariodesanpedro.com.ar\/sitio\/wp-json\/wp\/v2\/media?parent=8792"}],"wp:term":[{"taxonomy":"category","embeddable":true,"href":"https:\/\/eldiariodesanpedro.com.ar\/sitio\/wp-json\/wp\/v2\/categories?post=8792"},{"taxonomy":"post_tag","embeddable":true,"href":"https:\/\/eldiariodesanpedro.com.ar\/sitio\/wp-json\/wp\/v2\/tags?post=8792"}],"curies":[{"name":"wp","href":"https:\/\/api.w.org\/{rel}","templated":true}]}}