{"id":8790,"date":"2016-10-13T18:09:54","date_gmt":"2016-10-13T21:09:54","guid":{"rendered":"https:\/\/eldiariodesanpedro.com.ar\/sitio\/?p=8790"},"modified":"2016-10-13T18:09:54","modified_gmt":"2016-10-13T21:09:54","slug":"accidente-entre-un-ciclomotor-y-un-auto","status":"publish","type":"post","link":"https:\/\/eldiariodesanpedro.com.ar\/sitio\/accidente-entre-un-ciclomotor-y-un-auto\/","title":{"rendered":"Accidente entre un ciclomotor y un auto"},"content":{"rendered":"<p><!-- VideographyWP Plugin Message: Automatic video embedding prevented by plugin options. --><br \/>\nEl siniestro se produjo el mi\u00e9rcoles cerca de las 16.40 en calle Ruiz Moreno al 900. Por causas que se trata de establecer, en ese lugar chocaron una motocicleta 150 C. C., que era guiada por una mujer de 24 a\u00f1os de edad. y un autom\u00f3vil, manejado por un hombre de 76.<br \/>\nA ra\u00edz del impacto, la mujer fue trasladada en ambulancia al Hospital, donde se pudo determinar que no presentaba lesiones de consideraci\u00f3n, por lo que recibi\u00f3 el alta m\u00e9dica en forma inmediata.<br \/>\nAmbos veh\u00edculos fueron trasladados a sede policial con fines periciales y luego fueron restituidos a sus propietarios. Intervino la UFI N\u00ba 5.<\/p>\n","protected":false},"excerpt":{"rendered":"<p>El siniestro se produjo el mi\u00e9rcoles cerca de las 16.40 en calle Ruiz Moreno al 900. Por causas que se trata de establecer, en ese lugar chocaron una motocicleta 150 C. C., que era guiada por una mujer de 24 a\u00f1os de edad. y un autom\u00f3vil, manejado por un hombre de 76. A ra\u00edz del [&hellip;]<\/p>\n","protected":false},"author":4,"featured_media":8004,"comment_status":"open","ping_status":"closed","sticky":false,"template":"","format":"standard","meta":{"om_disable_all_campaigns":false,"_jetpack_memberships_contains_paid_content":false,"footnotes":""},"categories":[2,103],"tags":[],"class_list":["post-8790","post","type-post","status-publish","format-standard","has-post-thumbnail","hentry","category-locales","category-policiales-locales"],"aioseo_notices":[],"gutentor_comment":0,"jetpack_featured_media_url":"https:\/\/eldiariodesanpedro.com.ar\/sitio\/wp-content\/uploads\/2016\/09\/PAGINA-3-7.jpg","jetpack_shortlink":"https:\/\/wp.me\/p6RhLt-2hM","jetpack_sharing_enabled":true,"_links":{"self":[{"href":"https:\/\/eldiariodesanpedro.com.ar\/sitio\/wp-json\/wp\/v2\/posts\/8790","targetHints":{"allow":["GET"]}}],"collection":[{"href":"https:\/\/eldiariodesanpedro.com.ar\/sitio\/wp-json\/wp\/v2\/posts"}],"about":[{"href":"https:\/\/eldiariodesanpedro.com.ar\/sitio\/wp-json\/wp\/v2\/types\/post"}],"author":[{"embeddable":true,"href":"https:\/\/eldiariodesanpedro.com.ar\/sitio\/wp-json\/wp\/v2\/users\/4"}],"replies":[{"embeddable":true,"href":"https:\/\/eldiariodesanpedro.com.ar\/sitio\/wp-json\/wp\/v2\/comments?post=8790"}],"version-history":[{"count":1,"href":"https:\/\/eldiariodesanpedro.com.ar\/sitio\/wp-json\/wp\/v2\/posts\/8790\/revisions"}],"predecessor-version":[{"id":8791,"href":"https:\/\/eldiariodesanpedro.com.ar\/sitio\/wp-json\/wp\/v2\/posts\/8790\/revisions\/8791"}],"wp:featuredmedia":[{"embeddable":true,"href":"https:\/\/eldiariodesanpedro.com.ar\/sitio\/wp-json\/wp\/v2\/media\/8004"}],"wp:attachment":[{"href":"https:\/\/eldiariodesanpedro.com.ar\/sitio\/wp-json\/wp\/v2\/media?parent=8790"}],"wp:term":[{"taxonomy":"category","embeddable":true,"href":"https:\/\/eldiariodesanpedro.com.ar\/sitio\/wp-json\/wp\/v2\/categories?post=8790"},{"taxonomy":"post_tag","embeddable":true,"href":"https:\/\/eldiariodesanpedro.com.ar\/sitio\/wp-json\/wp\/v2\/tags?post=8790"}],"curies":[{"name":"wp","href":"https:\/\/api.w.org\/{rel}","templated":true}]}}