{"id":8760,"date":"2016-10-12T21:05:10","date_gmt":"2016-10-13T00:05:10","guid":{"rendered":"https:\/\/eldiariodesanpedro.com.ar\/sitio\/?p=8760"},"modified":"2016-10-12T21:05:10","modified_gmt":"2016-10-13T00:05:10","slug":"salazar-recorrio-las-obras-en-las-escuelas-no-27-no-4-y-secundaria-no-17","status":"publish","type":"post","link":"https:\/\/eldiariodesanpedro.com.ar\/sitio\/salazar-recorrio-las-obras-en-las-escuelas-no-27-no-4-y-secundaria-no-17\/","title":{"rendered":"Salazar recorri\u00f3 las obras en las escuelas N\u00ba 27, N\u00ba 4 y secundaria N\u00ba 17"},"content":{"rendered":"<p><!-- VideographyWP Plugin Message: Automatic video embedding prevented by plugin options. --><br \/>\nJunto a consejeros escolares, concejales y funcionarios, el intendente Cecilio Salazar recorri\u00f3 las escuelas N\u00ba 27, N\u00ba 4 y la secundaria N\u00ba 17, donde se realizan importantes obras que ser\u00e1n inauguradas en los pr\u00f3ximos d\u00edas.<br \/>\nEstos trabajos, financiados con el Fondo Educativo, se suman a los ya presentados en la Escuela N\u00ba 48, el Jard\u00edn N\u00ba 918 y el establecimiento de R\u00edo Tala.<br \/>\nA trav\u00e9s de su p\u00e1gina de Facebook, el mandatario sostuvo: \u00abCuando escuchamos a los m\u00e1s peque\u00f1os, por dentro decimos c\u00f3mo nos gustar\u00eda ser chicos, pero cuando vemos lo que podemos lograr siendo grandes nos encanta. Hoy recorrimos obras que pronto se terminar\u00e1n, obras que le van a cambiar la vida a muchas personas, a padres e hijos, obras que sabemos tienen un fin, y es hacer grande la educaci\u00f3n de nuestra ciudad, recorrimos la EP 27, la EES 17 y la escuela 4, seguimos construyendo futuro\u00bb<\/p>\n","protected":false},"excerpt":{"rendered":"<p>Junto a consejeros escolares, concejales y funcionarios, el intendente Cecilio Salazar recorri\u00f3 las escuelas N\u00ba 27, N\u00ba 4 y la secundaria N\u00ba 17, donde se realizan importantes obras que ser\u00e1n inauguradas en los pr\u00f3ximos d\u00edas. Estos trabajos, financiados con el Fondo Educativo, se suman a los ya presentados en la Escuela N\u00ba 48, el Jard\u00edn [&hellip;]<\/p>\n","protected":false},"author":4,"featured_media":8761,"comment_status":"open","ping_status":"closed","sticky":false,"template":"","format":"standard","meta":{"om_disable_all_campaigns":false,"_jetpack_memberships_contains_paid_content":false,"footnotes":""},"categories":[50,2,102],"tags":[],"class_list":["post-8760","post","type-post","status-publish","format-standard","has-post-thumbnail","hentry","category-destacadas","category-locales","category-politica-locales"],"aioseo_notices":[],"gutentor_comment":0,"jetpack_featured_media_url":"https:\/\/eldiariodesanpedro.com.ar\/sitio\/wp-content\/uploads\/2016\/10\/PAGINA-4-02-1.jpg","jetpack_shortlink":"https:\/\/wp.me\/p6RhLt-2hi","jetpack_sharing_enabled":true,"_links":{"self":[{"href":"https:\/\/eldiariodesanpedro.com.ar\/sitio\/wp-json\/wp\/v2\/posts\/8760","targetHints":{"allow":["GET"]}}],"collection":[{"href":"https:\/\/eldiariodesanpedro.com.ar\/sitio\/wp-json\/wp\/v2\/posts"}],"about":[{"href":"https:\/\/eldiariodesanpedro.com.ar\/sitio\/wp-json\/wp\/v2\/types\/post"}],"author":[{"embeddable":true,"href":"https:\/\/eldiariodesanpedro.com.ar\/sitio\/wp-json\/wp\/v2\/users\/4"}],"replies":[{"embeddable":true,"href":"https:\/\/eldiariodesanpedro.com.ar\/sitio\/wp-json\/wp\/v2\/comments?post=8760"}],"version-history":[{"count":1,"href":"https:\/\/eldiariodesanpedro.com.ar\/sitio\/wp-json\/wp\/v2\/posts\/8760\/revisions"}],"predecessor-version":[{"id":8762,"href":"https:\/\/eldiariodesanpedro.com.ar\/sitio\/wp-json\/wp\/v2\/posts\/8760\/revisions\/8762"}],"wp:featuredmedia":[{"embeddable":true,"href":"https:\/\/eldiariodesanpedro.com.ar\/sitio\/wp-json\/wp\/v2\/media\/8761"}],"wp:attachment":[{"href":"https:\/\/eldiariodesanpedro.com.ar\/sitio\/wp-json\/wp\/v2\/media?parent=8760"}],"wp:term":[{"taxonomy":"category","embeddable":true,"href":"https:\/\/eldiariodesanpedro.com.ar\/sitio\/wp-json\/wp\/v2\/categories?post=8760"},{"taxonomy":"post_tag","embeddable":true,"href":"https:\/\/eldiariodesanpedro.com.ar\/sitio\/wp-json\/wp\/v2\/tags?post=8760"}],"curies":[{"name":"wp","href":"https:\/\/api.w.org\/{rel}","templated":true}]}}