{"id":87576,"date":"2021-02-12T09:58:42","date_gmt":"2021-02-12T12:58:42","guid":{"rendered":"https:\/\/eldiariodesanpedro.com.ar\/sitio\/?p=87576"},"modified":"2021-02-12T09:58:43","modified_gmt":"2021-02-12T12:58:43","slug":"colilleros-para-evitar-la-contaminacion-que-producen-las-colillas","status":"publish","type":"post","link":"https:\/\/eldiariodesanpedro.com.ar\/sitio\/colilleros-para-evitar-la-contaminacion-que-producen-las-colillas\/","title":{"rendered":"Colilleros para evitar la contaminaci\u00f3n que producen las colillas"},"content":{"rendered":"<!-- VideographyWP Plugin Message: Automatic video embedding prevented by plugin options. -->\n\n<p>Se colocaron colilleros en diferentes puntos de la ciudad para disminuir la contaminaci\u00f3n que provocan las colillas.<\/p>\n\n\n\n<p><em>\u201cDia a d\u00eda sumamos m\u00e1s<a href=\"https:\/\/www.facebook.com\/hashtag\/colilleros?__eep__=6&amp;__cft__[0]=AZUBIhNUmD4ldi-fI4E1fTG_lpGX49QORph6f3_vwVHQ5sk0LAzMg7VQcJYvr__gojMk_wjhxXff5NzD3uTpdOErf2JzevHaxNj-BL83OfzG_tYgqDHEOkd3-QTdtDhyoR1CoGcRkz6Xq9Er5DnHSpQSK3hycUGjGsxM8CX8orTZvK-TOGLjRW3Rd7dmbpBoWPJCpuQRkeQ6Pi1r2tgHv0GQ&amp;__tn__=*NK-y-R\"> #colilleros<\/a> distribuidos por el Partido de San Pedro.\u00a0<br>En la Avenida 11 de septiembre (Paseo de los Canastos), Paseo Agenor Almada (patio gastron\u00f3mico), Plaza Constituci\u00f3n, Peatonal del Centenario, Vuelta de Obligado (playa y plaza).<br>Seguimos realizando m\u00e1s y pr\u00f3ximamente ser\u00e1n colocados.<br>Te pedimos que nos ayudes a cuidar y mantener limpia la ciudad.<br>Una colilla de cigarrillo tarda aproximadamente 12 a\u00f1os en degradarse,\u00a0 sus 400 sustancias t\u00f3xicas perjudican el suelo y los animales que viven en \u00e9l. Contamina 50 litros de agua si es arrojada al r\u00edo\u201d.<\/em><\/p>\n\n\n\n<figure class=\"wp-block-image size-large\"><img decoding=\"async\" width=\"719\" height=\"960\" data-attachment-id=\"87578\" data-permalink=\"https:\/\/eldiariodesanpedro.com.ar\/sitio\/colilleros-para-evitar-la-contaminacion-que-producen-las-colillas\/147512242_4346355275380336_5779477425213527608_n\/\" data-orig-file=\"https:\/\/eldiariodesanpedro.com.ar\/sitio\/wp-content\/uploads\/2021\/02\/147512242_4346355275380336_5779477425213527608_n.jpg\" data-orig-size=\"719,960\" data-comments-opened=\"1\" data-image-meta=\"{&quot;aperture&quot;:&quot;0&quot;,&quot;credit&quot;:&quot;&quot;,&quot;camera&quot;:&quot;&quot;,&quot;caption&quot;:&quot;&quot;,&quot;created_timestamp&quot;:&quot;0&quot;,&quot;copyright&quot;:&quot;&quot;,&quot;focal_length&quot;:&quot;0&quot;,&quot;iso&quot;:&quot;0&quot;,&quot;shutter_speed&quot;:&quot;0&quot;,&quot;title&quot;:&quot;&quot;,&quot;orientation&quot;:&quot;0&quot;}\" data-image-title=\"147512242_4346355275380336_5779477425213527608_n\" data-image-description=\"\" data-image-caption=\"\" data-large-file=\"https:\/\/eldiariodesanpedro.com.ar\/sitio\/wp-content\/uploads\/2021\/02\/147512242_4346355275380336_5779477425213527608_n.jpg\" data-src=\"https:\/\/eldiariodesanpedro.com.ar\/sitio\/wp-content\/uploads\/2021\/02\/147512242_4346355275380336_5779477425213527608_n.jpg\" alt=\"\" class=\"wp-image-87578 lazyload\" data-srcset=\"https:\/\/eldiariodesanpedro.com.ar\/sitio\/wp-content\/uploads\/2021\/02\/147512242_4346355275380336_5779477425213527608_n.jpg 719w, https:\/\/eldiariodesanpedro.com.ar\/sitio\/wp-content\/uploads\/2021\/02\/147512242_4346355275380336_5779477425213527608_n-225x300.jpg 225w\" data-sizes=\"(max-width: 719px) 100vw, 719px\" src=\"data:image\/svg+xml;base64,PHN2ZyB3aWR0aD0iMSIgaGVpZ2h0PSIxIiB4bWxucz0iaHR0cDovL3d3dy53My5vcmcvMjAwMC9zdmciPjwvc3ZnPg==\" style=\"--smush-placeholder-width: 719px; --smush-placeholder-aspect-ratio: 719\/960;\" \/><\/figure>\n","protected":false},"excerpt":{"rendered":"<p>Se colocaron colilleros en diferentes puntos de la ciudad para disminuir la contaminaci\u00f3n que provocan las colillas. \u201cDia a d\u00eda sumamos m\u00e1s #colilleros distribuidos por el Partido de San Pedro.\u00a0En la Avenida 11 de septiembre (Paseo de los Canastos), Paseo Agenor Almada (patio gastron\u00f3mico), Plaza Constituci\u00f3n, Peatonal del Centenario, Vuelta de Obligado (playa y plaza).Seguimos [&hellip;]<\/p>\n","protected":false},"author":4,"featured_media":87577,"comment_status":"open","ping_status":"closed","sticky":false,"template":"","format":"standard","meta":{"om_disable_all_campaigns":false,"_jetpack_memberships_contains_paid_content":false,"footnotes":""},"categories":[101,2],"tags":[],"class_list":["post-87576","post","type-post","status-publish","format-standard","has-post-thumbnail","hentry","category-interes-general-locales","category-locales"],"aioseo_notices":[],"gutentor_comment":0,"jetpack_featured_media_url":"https:\/\/eldiariodesanpedro.com.ar\/sitio\/wp-content\/uploads\/2021\/02\/147368684_4346355738713623_8142860547913616421_n.jpg","jetpack_shortlink":"https:\/\/wp.me\/p6RhLt-mMw","jetpack_sharing_enabled":true,"_links":{"self":[{"href":"https:\/\/eldiariodesanpedro.com.ar\/sitio\/wp-json\/wp\/v2\/posts\/87576","targetHints":{"allow":["GET"]}}],"collection":[{"href":"https:\/\/eldiariodesanpedro.com.ar\/sitio\/wp-json\/wp\/v2\/posts"}],"about":[{"href":"https:\/\/eldiariodesanpedro.com.ar\/sitio\/wp-json\/wp\/v2\/types\/post"}],"author":[{"embeddable":true,"href":"https:\/\/eldiariodesanpedro.com.ar\/sitio\/wp-json\/wp\/v2\/users\/4"}],"replies":[{"embeddable":true,"href":"https:\/\/eldiariodesanpedro.com.ar\/sitio\/wp-json\/wp\/v2\/comments?post=87576"}],"version-history":[{"count":1,"href":"https:\/\/eldiariodesanpedro.com.ar\/sitio\/wp-json\/wp\/v2\/posts\/87576\/revisions"}],"predecessor-version":[{"id":87579,"href":"https:\/\/eldiariodesanpedro.com.ar\/sitio\/wp-json\/wp\/v2\/posts\/87576\/revisions\/87579"}],"wp:featuredmedia":[{"embeddable":true,"href":"https:\/\/eldiariodesanpedro.com.ar\/sitio\/wp-json\/wp\/v2\/media\/87577"}],"wp:attachment":[{"href":"https:\/\/eldiariodesanpedro.com.ar\/sitio\/wp-json\/wp\/v2\/media?parent=87576"}],"wp:term":[{"taxonomy":"category","embeddable":true,"href":"https:\/\/eldiariodesanpedro.com.ar\/sitio\/wp-json\/wp\/v2\/categories?post=87576"},{"taxonomy":"post_tag","embeddable":true,"href":"https:\/\/eldiariodesanpedro.com.ar\/sitio\/wp-json\/wp\/v2\/tags?post=87576"}],"curies":[{"name":"wp","href":"https:\/\/api.w.org\/{rel}","templated":true}]}}