{"id":8757,"date":"2016-10-12T21:04:19","date_gmt":"2016-10-13T00:04:19","guid":{"rendered":"https:\/\/eldiariodesanpedro.com.ar\/sitio\/?p=8757"},"modified":"2016-10-12T21:04:19","modified_gmt":"2016-10-13T00:04:19","slug":"axel-se-presentara-en-forma-gratuita-en-nuestra-ciudad","status":"publish","type":"post","link":"https:\/\/eldiariodesanpedro.com.ar\/sitio\/axel-se-presentara-en-forma-gratuita-en-nuestra-ciudad\/","title":{"rendered":"Axel se presentar\u00e1 en forma gratuita en nuestra ciudad"},"content":{"rendered":"<p><!-- VideographyWP Plugin Message: Automatic video embedding prevented by plugin options. --><br \/>\nEl evento tendr\u00e1 lugar en el Paseo P\u00fablico Municipal el pr\u00f3ximo 23 de octubre y lo har\u00e1 en forma gratuita.<br \/>\nEl cantante llega a la ciudad a trav\u00e9s del Ministerio de Cultura de la Naci\u00f3n, con la organizaci\u00f3n de la Municipalidad de San Pedro.<br \/>\nSeguramente el artista repasar\u00e1 algunas de sus grandes canciones: \u201cAfinidad\u201d, \u201cTe voy a amar\u201d, \u201cSomos uno\u201d y \u201cCelebra la vida\u201d sonar\u00e1n en el escenario natural emplazado en el espacio verde de la ciudad.<br \/>\nEl evento comenzar\u00e1 cerca de las 16.00 con Alejandro \u00c1lvarez y luego continuar\u00e1n Carolina Damianovich e Ivana Rodr\u00edguez, que integran Extra\u00f1o ser junto a los baraderenses Daniel D\u00edaz en el bajo, Fabi\u00e1n Placenti en la bater\u00eda y Josu\u00e9 Gauna en el teclado.<br \/>\nAxel ha sido galardonado con cinco premios Gardel, un MTV Europe Music Awards, un MTV Latinoam\u00e9rica, dos 40 principales, un MTV Millennial Awards, un Kids Choice Awards Argentina y un TVyNovelas, un Heat Latin Music Awards, entre otros.<\/p>\n","protected":false},"excerpt":{"rendered":"<p>El evento tendr\u00e1 lugar en el Paseo P\u00fablico Municipal el pr\u00f3ximo 23 de octubre y lo har\u00e1 en forma gratuita. El cantante llega a la ciudad a trav\u00e9s del Ministerio de Cultura de la Naci\u00f3n, con la organizaci\u00f3n de la Municipalidad de San Pedro. Seguramente el artista repasar\u00e1 algunas de sus grandes canciones: \u201cAfinidad\u201d, \u201cTe [&hellip;]<\/p>\n","protected":false},"author":4,"featured_media":8758,"comment_status":"open","ping_status":"closed","sticky":false,"template":"","format":"standard","meta":{"om_disable_all_campaigns":false,"_jetpack_memberships_contains_paid_content":false,"footnotes":""},"categories":[101,2],"tags":[],"class_list":["post-8757","post","type-post","status-publish","format-standard","has-post-thumbnail","hentry","category-interes-general-locales","category-locales"],"aioseo_notices":[],"gutentor_comment":0,"jetpack_featured_media_url":"https:\/\/eldiariodesanpedro.com.ar\/sitio\/wp-content\/uploads\/2016\/10\/WhatsApp-Image-2016-10-12-at-14.42.39.jpeg","jetpack_shortlink":"https:\/\/wp.me\/p6RhLt-2hf","jetpack_sharing_enabled":true,"_links":{"self":[{"href":"https:\/\/eldiariodesanpedro.com.ar\/sitio\/wp-json\/wp\/v2\/posts\/8757","targetHints":{"allow":["GET"]}}],"collection":[{"href":"https:\/\/eldiariodesanpedro.com.ar\/sitio\/wp-json\/wp\/v2\/posts"}],"about":[{"href":"https:\/\/eldiariodesanpedro.com.ar\/sitio\/wp-json\/wp\/v2\/types\/post"}],"author":[{"embeddable":true,"href":"https:\/\/eldiariodesanpedro.com.ar\/sitio\/wp-json\/wp\/v2\/users\/4"}],"replies":[{"embeddable":true,"href":"https:\/\/eldiariodesanpedro.com.ar\/sitio\/wp-json\/wp\/v2\/comments?post=8757"}],"version-history":[{"count":1,"href":"https:\/\/eldiariodesanpedro.com.ar\/sitio\/wp-json\/wp\/v2\/posts\/8757\/revisions"}],"predecessor-version":[{"id":8759,"href":"https:\/\/eldiariodesanpedro.com.ar\/sitio\/wp-json\/wp\/v2\/posts\/8757\/revisions\/8759"}],"wp:featuredmedia":[{"embeddable":true,"href":"https:\/\/eldiariodesanpedro.com.ar\/sitio\/wp-json\/wp\/v2\/media\/8758"}],"wp:attachment":[{"href":"https:\/\/eldiariodesanpedro.com.ar\/sitio\/wp-json\/wp\/v2\/media?parent=8757"}],"wp:term":[{"taxonomy":"category","embeddable":true,"href":"https:\/\/eldiariodesanpedro.com.ar\/sitio\/wp-json\/wp\/v2\/categories?post=8757"},{"taxonomy":"post_tag","embeddable":true,"href":"https:\/\/eldiariodesanpedro.com.ar\/sitio\/wp-json\/wp\/v2\/tags?post=8757"}],"curies":[{"name":"wp","href":"https:\/\/api.w.org\/{rel}","templated":true}]}}