{"id":87566,"date":"2021-02-11T18:57:55","date_gmt":"2021-02-11T21:57:55","guid":{"rendered":"https:\/\/eldiariodesanpedro.com.ar\/sitio\/?p=87566"},"modified":"2021-02-11T18:57:56","modified_gmt":"2021-02-11T21:57:56","slug":"san-pedro-tendra-al-delegado-suplente-de-la-region-en-el-consejo-provincial-de-salud","status":"publish","type":"post","link":"https:\/\/eldiariodesanpedro.com.ar\/sitio\/san-pedro-tendra-al-delegado-suplente-de-la-region-en-el-consejo-provincial-de-salud\/","title":{"rendered":"San Pedro tendr\u00e1 al delegado suplente de la regi\u00f3n en el Consejo Provincial de Salud"},"content":{"rendered":"<!-- VideographyWP Plugin Message: Automatic video embedding prevented by plugin options. -->\n\n<p>En una reuni\u00f3n virtual con representantes de toda la Regi\u00f3n Sanitaria Cuarta de la que forma parte San Pedro, se defini\u00f3 la representaci\u00f3n de esta zona en el Consejo Provincial de Salud.<\/p>\n\n\n\n<p>Tras reuniones previas de organizaci\u00f3n para concretar la articulaci\u00f3n de cada una de las regiones sanitarias en las que se divide la Provincia de Buenos Aires y ante el inminente inicio de acciones y campa\u00f1as en cada una de las localidades, los representantes de Arrecifes, Baradero, Carmen de Areco, Capit\u00e1n Sarmiento, Col\u00f3n, Pergamino, Ramallo, Rojas, Salto, San Andr\u00e9s de Giles, San Antonio de Areco, San Nicol\u00e1s y San Pedro, definieron sus delegados.<\/p>\n\n\n\n<p>Baradero y San Antonio de Areco tendr\u00e1n la representaci\u00f3n de delegados suplentes y, tal como hab\u00eda sido planteado meses atr\u00e1s en reuniones a las que fue convocado el Dr. Guillermo Sancho, San Pedro tendr\u00e1 la posici\u00f3n de Delegado Suplente, quedando as\u00ed entre los tres distritos de referencia para este consejo.<\/p>\n\n\n\n<p>El Dr. Daniel Creus particip\u00f3 esta ma\u00f1ana de la videoconferencia en la que adem\u00e1s se actualiz\u00f3 informaci\u00f3n sobre la activaci\u00f3n de la campa\u00f1a de vacunaci\u00f3n con algunos ajustes que se deber\u00e1n implementar ante el inminente comienzo de clases.<\/p>\n","protected":false},"excerpt":{"rendered":"<p>En una reuni\u00f3n virtual con representantes de toda la Regi\u00f3n Sanitaria Cuarta de la que forma parte San Pedro, se defini\u00f3 la representaci\u00f3n de esta zona en el Consejo Provincial de Salud. Tras reuniones previas de organizaci\u00f3n para concretar la articulaci\u00f3n de cada una de las regiones sanitarias en las que se divide la Provincia [&hellip;]<\/p>\n","protected":false},"author":4,"featured_media":87567,"comment_status":"open","ping_status":"closed","sticky":false,"template":"","format":"standard","meta":{"om_disable_all_campaigns":false,"_jetpack_memberships_contains_paid_content":false,"footnotes":""},"categories":[101,2],"tags":[],"class_list":["post-87566","post","type-post","status-publish","format-standard","has-post-thumbnail","hentry","category-interes-general-locales","category-locales"],"aioseo_notices":[],"gutentor_comment":0,"jetpack_featured_media_url":"https:\/\/eldiariodesanpedro.com.ar\/sitio\/wp-content\/uploads\/2021\/02\/WhatsApp-Image-2021-02-11-at-18.41.49.jpeg","jetpack_shortlink":"https:\/\/wp.me\/p6RhLt-mMm","jetpack_sharing_enabled":true,"_links":{"self":[{"href":"https:\/\/eldiariodesanpedro.com.ar\/sitio\/wp-json\/wp\/v2\/posts\/87566","targetHints":{"allow":["GET"]}}],"collection":[{"href":"https:\/\/eldiariodesanpedro.com.ar\/sitio\/wp-json\/wp\/v2\/posts"}],"about":[{"href":"https:\/\/eldiariodesanpedro.com.ar\/sitio\/wp-json\/wp\/v2\/types\/post"}],"author":[{"embeddable":true,"href":"https:\/\/eldiariodesanpedro.com.ar\/sitio\/wp-json\/wp\/v2\/users\/4"}],"replies":[{"embeddable":true,"href":"https:\/\/eldiariodesanpedro.com.ar\/sitio\/wp-json\/wp\/v2\/comments?post=87566"}],"version-history":[{"count":1,"href":"https:\/\/eldiariodesanpedro.com.ar\/sitio\/wp-json\/wp\/v2\/posts\/87566\/revisions"}],"predecessor-version":[{"id":87568,"href":"https:\/\/eldiariodesanpedro.com.ar\/sitio\/wp-json\/wp\/v2\/posts\/87566\/revisions\/87568"}],"wp:featuredmedia":[{"embeddable":true,"href":"https:\/\/eldiariodesanpedro.com.ar\/sitio\/wp-json\/wp\/v2\/media\/87567"}],"wp:attachment":[{"href":"https:\/\/eldiariodesanpedro.com.ar\/sitio\/wp-json\/wp\/v2\/media?parent=87566"}],"wp:term":[{"taxonomy":"category","embeddable":true,"href":"https:\/\/eldiariodesanpedro.com.ar\/sitio\/wp-json\/wp\/v2\/categories?post=87566"},{"taxonomy":"post_tag","embeddable":true,"href":"https:\/\/eldiariodesanpedro.com.ar\/sitio\/wp-json\/wp\/v2\/tags?post=87566"}],"curies":[{"name":"wp","href":"https:\/\/api.w.org\/{rel}","templated":true}]}}