{"id":87555,"date":"2021-02-11T18:36:12","date_gmt":"2021-02-11T21:36:12","guid":{"rendered":"https:\/\/eldiariodesanpedro.com.ar\/sitio\/?p=87555"},"modified":"2021-02-11T18:36:16","modified_gmt":"2021-02-11T21:36:16","slug":"coronavirus-continua-la-baja-de-los-casos-y-no-hay-municipios-en-fase-3","status":"publish","type":"post","link":"https:\/\/eldiariodesanpedro.com.ar\/sitio\/coronavirus-continua-la-baja-de-los-casos-y-no-hay-municipios-en-fase-3\/","title":{"rendered":"Coronavirus: Continua la baja de los casos y no hay municipios en Fase 3"},"content":{"rendered":"<!-- VideographyWP Plugin Message: Automatic video embedding prevented by plugin options. -->\n\n<p>El jefe de Gabinete, Carlos Bianco, inform\u00f3 que hay 124 distritos en Fase 4 y otros 11 en Fase 5. Remarcaron que es la cuarta semana consecutiva con ca\u00edda de casos de coronavirus.<\/p>\n\n\n\n<p>El Gobierno bonaerense actualiz\u00f3 los datos epidemiol\u00f3gicos de la Provincia, donde se registr\u00f3 la cuarta semana consecutiva con una ca\u00edda de los casos de coronavirus.<\/p>\n\n\n\n<p>En el transcurso de una conferencia de prensa realizada en Miramar y encabezada por el gobernador Axel Kicillof, el jefe de Gabinete, Carlos Bianco, asegur\u00f3 que hay 124 municipios en fase 4, donde las restricciones nocturnas son hasta las 2 de la ma\u00f1ana y est\u00e1n prohibidas las fiestas sociales con m\u00e1s de 10 personas.<\/p>\n\n\n\n<p>En tanto, y sin ning\u00fan distrito en Fase 3, son 11 los que se ubican en la Fase 5, donde existen m\u00e1s libertades, aunque respetando las medidas de cuidado ante la epidemia de coronavirus.<\/p>\n\n\n\n<p>Bianco explic\u00f3 que hay cuatro movimientos respecto de la semana pasada. \u00abBalcarce que se encontraba en fase 3, lo estamos pasando a fase 4, porque se pudo controlar el foco de contagios, y hay tres distritos que pasan de fase 4 a 5: Dorrego, Guamin\u00ed y Tres Lomas\u201d.<\/p>\n\n\n\n<p>Fuente: <a href=\"https:\/\/www.latecla.info\/118677-sin-municipios-en-fase-3-asi-quedo-el-mapa-en-la-provin\">La Tecla<\/a><\/p>\n\n\n<a href=\"https:\/\/eldiariodesanpedro.com.ar\/sitio\/wp-content\/uploads\/2021\/02\/Sistema-de-fases-de-aislamiento-09.02.2021.pdf\" class=\"pdfemb-viewer\" style=\"\" data-width=\"max\" data-height=\"max\" data-toolbar=\"bottom\" data-toolbar-fixed=\"off\">Sistema-de-fases-de-aislamiento-09.02.2021<\/a>\n<p class=\"wp-block-pdfemb-pdf-embedder-viewer\"><\/p>\n","protected":false},"excerpt":{"rendered":"<p>El jefe de Gabinete, Carlos Bianco, inform\u00f3 que hay 124 distritos en Fase 4 y otros 11 en Fase 5. Remarcaron que es la cuarta semana consecutiva con ca\u00edda de casos de coronavirus. El Gobierno bonaerense actualiz\u00f3 los datos epidemiol\u00f3gicos de la Provincia, donde se registr\u00f3 la cuarta semana consecutiva con una ca\u00edda de los [&hellip;]<\/p>\n","protected":false},"author":4,"featured_media":87556,"comment_status":"open","ping_status":"closed","sticky":false,"template":"","format":"standard","meta":{"om_disable_all_campaigns":false,"_jetpack_memberships_contains_paid_content":false,"footnotes":""},"categories":[621],"tags":[],"class_list":["post-87555","post","type-post","status-publish","format-standard","has-post-thumbnail","hentry","category-regionales"],"aioseo_notices":[],"gutentor_comment":0,"jetpack_featured_media_url":"https:\/\/eldiariodesanpedro.com.ar\/sitio\/wp-content\/uploads\/2021\/02\/124183_3.jpg","jetpack_shortlink":"https:\/\/wp.me\/p6RhLt-mMb","jetpack_sharing_enabled":true,"_links":{"self":[{"href":"https:\/\/eldiariodesanpedro.com.ar\/sitio\/wp-json\/wp\/v2\/posts\/87555","targetHints":{"allow":["GET"]}}],"collection":[{"href":"https:\/\/eldiariodesanpedro.com.ar\/sitio\/wp-json\/wp\/v2\/posts"}],"about":[{"href":"https:\/\/eldiariodesanpedro.com.ar\/sitio\/wp-json\/wp\/v2\/types\/post"}],"author":[{"embeddable":true,"href":"https:\/\/eldiariodesanpedro.com.ar\/sitio\/wp-json\/wp\/v2\/users\/4"}],"replies":[{"embeddable":true,"href":"https:\/\/eldiariodesanpedro.com.ar\/sitio\/wp-json\/wp\/v2\/comments?post=87555"}],"version-history":[{"count":1,"href":"https:\/\/eldiariodesanpedro.com.ar\/sitio\/wp-json\/wp\/v2\/posts\/87555\/revisions"}],"predecessor-version":[{"id":87558,"href":"https:\/\/eldiariodesanpedro.com.ar\/sitio\/wp-json\/wp\/v2\/posts\/87555\/revisions\/87558"}],"wp:featuredmedia":[{"embeddable":true,"href":"https:\/\/eldiariodesanpedro.com.ar\/sitio\/wp-json\/wp\/v2\/media\/87556"}],"wp:attachment":[{"href":"https:\/\/eldiariodesanpedro.com.ar\/sitio\/wp-json\/wp\/v2\/media?parent=87555"}],"wp:term":[{"taxonomy":"category","embeddable":true,"href":"https:\/\/eldiariodesanpedro.com.ar\/sitio\/wp-json\/wp\/v2\/categories?post=87555"},{"taxonomy":"post_tag","embeddable":true,"href":"https:\/\/eldiariodesanpedro.com.ar\/sitio\/wp-json\/wp\/v2\/tags?post=87555"}],"curies":[{"name":"wp","href":"https:\/\/api.w.org\/{rel}","templated":true}]}}