{"id":87549,"date":"2021-02-11T18:23:49","date_gmt":"2021-02-11T21:23:49","guid":{"rendered":"https:\/\/eldiariodesanpedro.com.ar\/sitio\/?p=87549"},"modified":"2021-02-11T18:23:53","modified_gmt":"2021-02-11T21:23:53","slug":"sergio-berni-evalua-desafectar-de-la-fuerza-a-otros-1500-policias-que-participaron-de-las-protestas-el-ano-pasado","status":"publish","type":"post","link":"https:\/\/eldiariodesanpedro.com.ar\/sitio\/sergio-berni-evalua-desafectar-de-la-fuerza-a-otros-1500-policias-que-participaron-de-las-protestas-el-ano-pasado\/","title":{"rendered":"Sergio Berni eval\u00faa desafectar de la fuerza a otros 1500 polic\u00edas que participaron de las protestas el a\u00f1o pasado"},"content":{"rendered":"<!-- VideographyWP Plugin Message: Automatic video embedding prevented by plugin options. -->\n\n<p>Es la misma medida que ya tom\u00f3 contra los m\u00e1s de 400 que rodearon el 9 de septiembre la quinta presidencial de Olivos. Los expedientes de cada uno de ellos est\u00e1n siendo evaluados en Asuntos Internos<\/p>\n\n\n\n<p><strong>Sergio Berni<\/strong>, el ministro de Seguridad de la provincia de Buenos Aires, con el aval del gobernador&nbsp;<strong>Axel Kicillof<\/strong>, eval\u00faa sancionar y echar de las filas policiales a otros 1.500 oficiales y suboficiales que en septiembre pasado participaron durante varios d\u00edas de las protestas callejeras en reclamo de aumento salarial y mejoras laborales. Estos se pueden suman a los m\u00e1s de 400 que ya fueron desafectados de servicio el 8 de febrero \u00faltimo. La mayor\u00eda de ellos se hab\u00edan manifestado frente a la residencia presidencial de Olivos. Llegaron al lugar en sus patrullas, armados, en uniforme y estaban de servicio.<\/p>\n\n\n\n<p><em>\u201cAsuntos internos ya les abri\u00f3 sumarios a otros 1.500 polic\u00edas, la mayor\u00eda de baja jerarqu\u00eda, que participaron de los reclamos del a\u00f1o pasado. La justicia tambi\u00e9n los investiga porque nosotros los denunciamos. Falta terminar de acreditar si ese d\u00eda estaban de servicio, si fueron en un m\u00f3vil\u201d, le confirm\u00f3 a Infobae un estrecho colaborador del ministro, y aclar\u00f3: \u201cEl que fue a protestar estando de franco no va a tener problema, pero el que lo hizo estando de servicio, lo vamos a terminar echando\u201d.<\/em><\/p>\n\n\n\n<p>Seg\u00fan las avanzadas actuaciones de la&nbsp;<strong>Auditor\u00eda General de Asuntos Internos<\/strong>&nbsp;(AGAI), de esos 1.500, hay unos mil que ya est\u00e1n identificados como personal que deb\u00eda estar cumpliendo servicio, pero en vez de hacerlo fueron a protestar en los distintos puntos de concentraci\u00f3n, como Puente 12, en La Matanza, en Olivos, en Mar del Plata, Bah\u00eda Blanca, Almirante Brown, Lomas de Zamora, entre otras localidades.<\/p>\n\n\n\n<p>Esos uniformados habr\u00edan violado el\u00a0<strong>decreto 1050\/09.\u00a0<\/strong>Se trata de una norma que regula el funcionamiento de la Polic\u00eda bonaerense y establece en qu\u00e9 caso un efectivo puede ser sancionado. La medida ya adoptada con los sancionados fue una de las m\u00e1s graves. Sacarles el arma, la identificaci\u00f3n y desafectarlos del servicio mientras se termina la investigaci\u00f3n y despu\u00e9s expulsarlos de la fuerza.<\/p>\n\n\n\n<p>En la c\u00fapula de la polic\u00eda bonaerense est\u00e1n convencidos de que la decisi\u00f3n de avanzar con estos sumarios, sancionar a m\u00e1s de 400 y notificar a los otros 1.500 que estaban bajo investigaci\u00f3n, provoc\u00f3 que fracasara el nuevo reclamo que estaba previsto para hoy a las 8 de la ma\u00f1ana.<\/p>\n\n\n\n<p>\u201cEn la escuela de polic\u00eda hay 3.500 entre oficiales y cadetes para recibirse que est\u00e1n entrenando para salir a las pistas, as\u00ed que hasta 5000 podemos echar que no le mueve la aguja a nadie. El servicio no se va a resentir\u201d, aseguran desde el ministerio de Seguridad.<\/p>\n\n\n\n<p>La determinaci\u00f3n de sacar de la fuerza a los denominados polic\u00edas \u201crebeldes\u201d es una decisi\u00f3n pol\u00edtica tomada al m\u00e1s alto nivel. Cuenta con el aval del gobernador Axel Kicillof, y hasta con el gui\u00f1o del presidente Alberto Fern\u00e1ndez que se sinti\u00f3 \u201camenazado\u201d el 9 de septiembre pasado, cuando los polic\u00edas provinciales rodearon la quinta presidencial llevando hasta all\u00ed sus reclamos.<\/p>\n\n\n\n<p>Los voceros de los manifestantes, hab\u00edan entregado un petitorio en el que exig\u00edan, entre otros puntos, que ninguno de los uniformados que protestaban fuesen sancionados. Por consejo del jefe de polic\u00eda -el comisario general Daniel Garc\u00eda- al propio Berni esto no ocurri\u00f3 y se avanz\u00f3 con los sumarios internos.<\/p>\n\n\n\n<p>El n\u00famero uno de la c\u00fapula policial advirti\u00f3, y as\u00ed lo expres\u00f3 internamente, que la mayor\u00eda de los manifestantes eran agentes de baja graduaci\u00f3n que ingresaron con escasa instrucci\u00f3n durante la gobernaci\u00f3n de Daniel Scioli, y que estos 10.000 ingresos, \u201ca las apuradas\u201d, le hicieron mal a la fuerza, ya que no se busc\u00f3 a los m\u00e1s capacitados.<\/p>\n\n\n\n<p>Fuente: <a href=\"https:\/\/www.infobae.com\/politica\/2021\/02\/11\/sergio-berni-evalua-desafectar-de-la-fuerza-a-otros-1500-policias-que-participaron-de-las-protestas-el-ano-pasado\/\">Infobae<\/a><\/p>\n","protected":false},"excerpt":{"rendered":"<p>Es la misma medida que ya tom\u00f3 contra los m\u00e1s de 400 que rodearon el 9 de septiembre la quinta presidencial de Olivos. Los expedientes de cada uno de ellos est\u00e1n siendo evaluados en Asuntos Internos Sergio Berni, el ministro de Seguridad de la provincia de Buenos Aires, con el aval del gobernador&nbsp;Axel Kicillof, eval\u00faa [&hellip;]<\/p>\n","protected":false},"author":4,"featured_media":87550,"comment_status":"open","ping_status":"closed","sticky":false,"template":"","format":"standard","meta":{"om_disable_all_campaigns":false,"_jetpack_memberships_contains_paid_content":false,"footnotes":""},"categories":[621],"tags":[],"class_list":["post-87549","post","type-post","status-publish","format-standard","has-post-thumbnail","hentry","category-regionales"],"aioseo_notices":[],"gutentor_comment":0,"jetpack_featured_media_url":"https:\/\/eldiariodesanpedro.com.ar\/sitio\/wp-content\/uploads\/2021\/02\/K2MBPCNWDNBJZEQDVKLWKYNXUU.jpg","jetpack_shortlink":"https:\/\/wp.me\/p6RhLt-mM5","jetpack_sharing_enabled":true,"_links":{"self":[{"href":"https:\/\/eldiariodesanpedro.com.ar\/sitio\/wp-json\/wp\/v2\/posts\/87549","targetHints":{"allow":["GET"]}}],"collection":[{"href":"https:\/\/eldiariodesanpedro.com.ar\/sitio\/wp-json\/wp\/v2\/posts"}],"about":[{"href":"https:\/\/eldiariodesanpedro.com.ar\/sitio\/wp-json\/wp\/v2\/types\/post"}],"author":[{"embeddable":true,"href":"https:\/\/eldiariodesanpedro.com.ar\/sitio\/wp-json\/wp\/v2\/users\/4"}],"replies":[{"embeddable":true,"href":"https:\/\/eldiariodesanpedro.com.ar\/sitio\/wp-json\/wp\/v2\/comments?post=87549"}],"version-history":[{"count":1,"href":"https:\/\/eldiariodesanpedro.com.ar\/sitio\/wp-json\/wp\/v2\/posts\/87549\/revisions"}],"predecessor-version":[{"id":87551,"href":"https:\/\/eldiariodesanpedro.com.ar\/sitio\/wp-json\/wp\/v2\/posts\/87549\/revisions\/87551"}],"wp:featuredmedia":[{"embeddable":true,"href":"https:\/\/eldiariodesanpedro.com.ar\/sitio\/wp-json\/wp\/v2\/media\/87550"}],"wp:attachment":[{"href":"https:\/\/eldiariodesanpedro.com.ar\/sitio\/wp-json\/wp\/v2\/media?parent=87549"}],"wp:term":[{"taxonomy":"category","embeddable":true,"href":"https:\/\/eldiariodesanpedro.com.ar\/sitio\/wp-json\/wp\/v2\/categories?post=87549"},{"taxonomy":"post_tag","embeddable":true,"href":"https:\/\/eldiariodesanpedro.com.ar\/sitio\/wp-json\/wp\/v2\/tags?post=87549"}],"curies":[{"name":"wp","href":"https:\/\/api.w.org\/{rel}","templated":true}]}}