{"id":87542,"date":"2021-02-11T18:00:30","date_gmt":"2021-02-11T21:00:30","guid":{"rendered":"https:\/\/eldiariodesanpedro.com.ar\/sitio\/?p=87542"},"modified":"2021-02-11T18:00:37","modified_gmt":"2021-02-11T21:00:37","slug":"augusto-costa-encabezo-una-reunion-con-presidentes-de-consorcios-de-puertos","status":"publish","type":"post","link":"https:\/\/eldiariodesanpedro.com.ar\/sitio\/augusto-costa-encabezo-una-reunion-con-presidentes-de-consorcios-de-puertos\/","title":{"rendered":"Augusto Costa encabez\u00f3 una reuni\u00f3n con presidentes de Consorcios de Puertos"},"content":{"rendered":"<!-- VideographyWP Plugin Message: Automatic video embedding prevented by plugin options. -->\n\n<p>En el encuentro, realizado en el puerto de San Nicol\u00e1s, se coordinaron lineamientos de gesti\u00f3n para todo el a\u00f1o. El ministro de Producci\u00f3n, Ciencia e Innovaci\u00f3n Tecnol\u00f3gica bonaerense, Augusto Costa, encabez\u00f3 este jueves un encuentro con las y los presidentes de los Consorcios de Gesti\u00f3n Portuaria de la provincia de Buenos Aires. All\u00ed estuvo presente el Presidente del Consorcio de Gesti\u00f3n del Puerto de San Pedro, Eliseo Almada.<\/p>\n\n\n\n<p>\u201cTrabajamos en la conformaci\u00f3n de un sistema de puertos que sea complementario y que contemple las particularidades de cada uno de los Consorcios de Gesti\u00f3n\u201d, sostuvo Costa al inicio del encuentro, en el que remarc\u00f3 la importancia de \u201ccontinuar profundizando los objetivos del Gobernador Axel Kicillof para el \u00e1mbito portuario\u201d.<\/p>\n\n\n\n<p>La reuni\u00f3n tuvo como objetivo planificar y coordinar los lineamientos de gesti\u00f3n de cara al 2021. \u201cTener una pol\u00edtica portuaria integral nos va a permitir transformar la infraestructura portuaria, optimizar la log\u00edstica y potenciar la operatoria\u00bb, destac\u00f3 el ministro.<\/p>\n\n\n\n<p>Costa estuvo acompa\u00f1ado por el subsecretario de Asuntos Portuarios, Juan Cruz Lucero, quien consider\u00f3 que \u00abestas instancias de encuentros e intercambio son fundamentales para trabajar de manera conjunta y coordinada; ya que comprender las necesidades de nuestros puertos y poner en com\u00fan las problem\u00e1ticas har\u00e1n posible planificar una pol\u00edtica portuaria de largo aliento\u00bb.<\/p>\n\n\n\n<p>En la reuni\u00f3n estuvieron presentes adem\u00e1s del titular del Consorcio de San Pedro,\u00a0 la presidenta del puerto de San Nicol\u00e1s, Cecilia Comerio; la presidenta del puerto de Dock Sud, Carla Monrabal; el presidente del puerto Quequ\u00e9n, Jorge \u00c1lvaro; el presidente del puerto de Mar del Plata, Gabriel Felizia; el presidente del puerto de Bah\u00eda Blanca, Federico Susbielles, el presidente del puerto de Coronel Rosales, Rodrigo Aristimu\u00f1o; y el presidente del puerto La Plata, Pedro Wasiejko y Carolina Barone, pr\u00f3xima presidenta del puerto de Olivos.<\/p>\n\n\n\n<figure class=\"wp-block-image size-large\"><img decoding=\"async\" width=\"1024\" height=\"767\" data-attachment-id=\"87544\" data-permalink=\"https:\/\/eldiariodesanpedro.com.ar\/sitio\/augusto-costa-encabezo-una-reunion-con-presidentes-de-consorcios-de-puertos\/1-18-2\/\" data-orig-file=\"https:\/\/eldiariodesanpedro.com.ar\/sitio\/wp-content\/uploads\/2021\/02\/1-18.jpg\" data-orig-size=\"1280,959\" data-comments-opened=\"1\" data-image-meta=\"{&quot;aperture&quot;:&quot;0&quot;,&quot;credit&quot;:&quot;&quot;,&quot;camera&quot;:&quot;&quot;,&quot;caption&quot;:&quot;&quot;,&quot;created_timestamp&quot;:&quot;0&quot;,&quot;copyright&quot;:&quot;&quot;,&quot;focal_length&quot;:&quot;0&quot;,&quot;iso&quot;:&quot;0&quot;,&quot;shutter_speed&quot;:&quot;0&quot;,&quot;title&quot;:&quot;&quot;,&quot;orientation&quot;:&quot;0&quot;}\" data-image-title=\"1 (18)\" data-image-description=\"\" data-image-caption=\"\" data-large-file=\"https:\/\/eldiariodesanpedro.com.ar\/sitio\/wp-content\/uploads\/2021\/02\/1-18-1024x767.jpg\" data-src=\"https:\/\/eldiariodesanpedro.com.ar\/sitio\/wp-content\/uploads\/2021\/02\/1-18-1024x767.jpg\" alt=\"\" class=\"wp-image-87544 lazyload\" data-srcset=\"https:\/\/eldiariodesanpedro.com.ar\/sitio\/wp-content\/uploads\/2021\/02\/1-18-1024x767.jpg 1024w, https:\/\/eldiariodesanpedro.com.ar\/sitio\/wp-content\/uploads\/2021\/02\/1-18-300x225.jpg 300w, https:\/\/eldiariodesanpedro.com.ar\/sitio\/wp-content\/uploads\/2021\/02\/1-18-768x575.jpg 768w, https:\/\/eldiariodesanpedro.com.ar\/sitio\/wp-content\/uploads\/2021\/02\/1-18-500x375.jpg 500w, https:\/\/eldiariodesanpedro.com.ar\/sitio\/wp-content\/uploads\/2021\/02\/1-18.jpg 1280w\" data-sizes=\"(max-width: 1024px) 100vw, 1024px\" src=\"data:image\/svg+xml;base64,PHN2ZyB3aWR0aD0iMSIgaGVpZ2h0PSIxIiB4bWxucz0iaHR0cDovL3d3dy53My5vcmcvMjAwMC9zdmciPjwvc3ZnPg==\" style=\"--smush-placeholder-width: 1024px; --smush-placeholder-aspect-ratio: 1024\/767;\" \/><\/figure>\n","protected":false},"excerpt":{"rendered":"<p>En el encuentro, realizado en el puerto de San Nicol\u00e1s, se coordinaron lineamientos de gesti\u00f3n para todo el a\u00f1o. El ministro de Producci\u00f3n, Ciencia e Innovaci\u00f3n Tecnol\u00f3gica bonaerense, Augusto Costa, encabez\u00f3 este jueves un encuentro con las y los presidentes de los Consorcios de Gesti\u00f3n Portuaria de la provincia de Buenos Aires. All\u00ed estuvo presente [&hellip;]<\/p>\n","protected":false},"author":4,"featured_media":87543,"comment_status":"open","ping_status":"closed","sticky":false,"template":"","format":"standard","meta":{"om_disable_all_campaigns":false,"_jetpack_memberships_contains_paid_content":false,"footnotes":""},"categories":[50,101,2],"tags":[],"class_list":["post-87542","post","type-post","status-publish","format-standard","has-post-thumbnail","hentry","category-destacadas","category-interes-general-locales","category-locales"],"aioseo_notices":[],"gutentor_comment":0,"jetpack_featured_media_url":"https:\/\/eldiariodesanpedro.com.ar\/sitio\/wp-content\/uploads\/2021\/02\/3-6.jpg","jetpack_shortlink":"https:\/\/wp.me\/p6RhLt-mLY","jetpack_sharing_enabled":true,"_links":{"self":[{"href":"https:\/\/eldiariodesanpedro.com.ar\/sitio\/wp-json\/wp\/v2\/posts\/87542","targetHints":{"allow":["GET"]}}],"collection":[{"href":"https:\/\/eldiariodesanpedro.com.ar\/sitio\/wp-json\/wp\/v2\/posts"}],"about":[{"href":"https:\/\/eldiariodesanpedro.com.ar\/sitio\/wp-json\/wp\/v2\/types\/post"}],"author":[{"embeddable":true,"href":"https:\/\/eldiariodesanpedro.com.ar\/sitio\/wp-json\/wp\/v2\/users\/4"}],"replies":[{"embeddable":true,"href":"https:\/\/eldiariodesanpedro.com.ar\/sitio\/wp-json\/wp\/v2\/comments?post=87542"}],"version-history":[{"count":1,"href":"https:\/\/eldiariodesanpedro.com.ar\/sitio\/wp-json\/wp\/v2\/posts\/87542\/revisions"}],"predecessor-version":[{"id":87545,"href":"https:\/\/eldiariodesanpedro.com.ar\/sitio\/wp-json\/wp\/v2\/posts\/87542\/revisions\/87545"}],"wp:featuredmedia":[{"embeddable":true,"href":"https:\/\/eldiariodesanpedro.com.ar\/sitio\/wp-json\/wp\/v2\/media\/87543"}],"wp:attachment":[{"href":"https:\/\/eldiariodesanpedro.com.ar\/sitio\/wp-json\/wp\/v2\/media?parent=87542"}],"wp:term":[{"taxonomy":"category","embeddable":true,"href":"https:\/\/eldiariodesanpedro.com.ar\/sitio\/wp-json\/wp\/v2\/categories?post=87542"},{"taxonomy":"post_tag","embeddable":true,"href":"https:\/\/eldiariodesanpedro.com.ar\/sitio\/wp-json\/wp\/v2\/tags?post=87542"}],"curies":[{"name":"wp","href":"https:\/\/api.w.org\/{rel}","templated":true}]}}