{"id":87534,"date":"2021-02-11T13:00:10","date_gmt":"2021-02-11T16:00:10","guid":{"rendered":"https:\/\/eldiariodesanpedro.com.ar\/sitio\/?p=87534"},"modified":"2021-02-11T13:00:14","modified_gmt":"2021-02-11T16:00:14","slug":"baradero-mi-abuelo-abuso-de-mi-y-de-mis-primas-durante-muchos-anos","status":"publish","type":"post","link":"https:\/\/eldiariodesanpedro.com.ar\/sitio\/baradero-mi-abuelo-abuso-de-mi-y-de-mis-primas-durante-muchos-anos\/","title":{"rendered":"BARADERO | \u00abMi abuelo abus\u00f3 de m\u00ed y de mis primas durante muchos a\u00f1os\u00bb"},"content":{"rendered":"<!-- VideographyWP Plugin Message: Automatic video embedding prevented by plugin options. -->\n\n<p>Candela Palacios, denunci\u00f3 a su abuelo \u00c1ngel Agust\u00edn Palacios, por abuso hacia ella y sus primas y as\u00ed se expresaba en <strong>Fm Tiempo<\/strong>:<\/p>\n\n\n\n<p><em>\u00abMe anim\u00e9 a hablar a los 9 a\u00f1os, cuando supe el significado de la palabra ped\u00f3filo y le pude contar a mi mam\u00e1 que sufr\u00eda abusos por parte de \u00c1ngel.\u00bb<\/em><\/p>\n\n\n\n<p><em>\u00abActualmente yo vivo en Campana y mi abuelo paterno en Baradero, \u00e9l era empleado municipal.\u00bb<\/em><\/p>\n\n\n\n<p><em>\u00ab\u00c9l sol\u00eda venir a visitarnos, se quedaba unos d\u00edas y en ese momento me manoseaba, me frotaba sus geniales y me quer\u00eda meter sus dedos.\u00bb<\/em><\/p>\n\n\n\n<p><em>\u00abTengo primas que sufrieron lo mismo que yo, a\u00fan se lo cruzan y \u00e9l se les r\u00ede en la cara.\u00bb<\/em><\/p>\n\n\n\n<p><em>\u00abTras la denuncia que hice en 2014, s\u00f3lo me realizaron C\u00e1mara Gesell, pero qued\u00f3 todo en la nada.\u00bb<\/em><\/p>\n\n\n\n<p><em>\u00abMis t\u00edas al principio no me cre\u00edan, lo defend\u00edan, hasta que mis primas tambi\u00e9n empezaron a contar lo que les hab\u00eda pasado.\u00bb<\/em><\/p>\n\n\n\n<p><em>\u00abMe desestimaron la denuncia por haber pasado mucho tiempo.\u00bb<\/em><\/p>\n\n\n\n<p>Fuente: <a href=\"http:\/\/tiemponoticias.com.ar\/noba\/2021\/02\/11\/mi-abuelo-abuso-de-mi-y-de-mis-primas-por-muchos-anos\/\">Tiempo Noticias<\/a><\/p>\n\n\n\n<figure class=\"wp-block-image size-large\"><img decoding=\"async\" width=\"540\" height=\"840\" data-attachment-id=\"87535\" data-permalink=\"https:\/\/eldiariodesanpedro.com.ar\/sitio\/baradero-mi-abuelo-abuso-de-mi-y-de-mis-primas-durante-muchos-anos\/149531218_1635135713341092_2569028669650647235_n-1-1\/\" data-orig-file=\"https:\/\/eldiariodesanpedro.com.ar\/sitio\/wp-content\/uploads\/2021\/02\/149531218_1635135713341092_2569028669650647235_n-1-1.jpg\" data-orig-size=\"540,840\" data-comments-opened=\"1\" data-image-meta=\"{&quot;aperture&quot;:&quot;0&quot;,&quot;credit&quot;:&quot;&quot;,&quot;camera&quot;:&quot;&quot;,&quot;caption&quot;:&quot;&quot;,&quot;created_timestamp&quot;:&quot;0&quot;,&quot;copyright&quot;:&quot;&quot;,&quot;focal_length&quot;:&quot;0&quot;,&quot;iso&quot;:&quot;0&quot;,&quot;shutter_speed&quot;:&quot;0&quot;,&quot;title&quot;:&quot;&quot;,&quot;orientation&quot;:&quot;0&quot;}\" data-image-title=\"149531218_1635135713341092_2569028669650647235_n-1 (1)\" data-image-description=\"\" data-image-caption=\"\" data-large-file=\"https:\/\/eldiariodesanpedro.com.ar\/sitio\/wp-content\/uploads\/2021\/02\/149531218_1635135713341092_2569028669650647235_n-1-1.jpg\" data-src=\"https:\/\/eldiariodesanpedro.com.ar\/sitio\/wp-content\/uploads\/2021\/02\/149531218_1635135713341092_2569028669650647235_n-1-1.jpg\" alt=\"\" class=\"wp-image-87535 lazyload\" data-srcset=\"https:\/\/eldiariodesanpedro.com.ar\/sitio\/wp-content\/uploads\/2021\/02\/149531218_1635135713341092_2569028669650647235_n-1-1.jpg 540w, https:\/\/eldiariodesanpedro.com.ar\/sitio\/wp-content\/uploads\/2021\/02\/149531218_1635135713341092_2569028669650647235_n-1-1-193x300.jpg 193w\" data-sizes=\"(max-width: 540px) 100vw, 540px\" src=\"data:image\/svg+xml;base64,PHN2ZyB3aWR0aD0iMSIgaGVpZ2h0PSIxIiB4bWxucz0iaHR0cDovL3d3dy53My5vcmcvMjAwMC9zdmciPjwvc3ZnPg==\" style=\"--smush-placeholder-width: 540px; --smush-placeholder-aspect-ratio: 540\/840;\" \/><\/figure>\n","protected":false},"excerpt":{"rendered":"<p>Candela Palacios, denunci\u00f3 a su abuelo \u00c1ngel Agust\u00edn Palacios, por abuso hacia ella y sus primas y as\u00ed se expresaba en Fm Tiempo: \u00abMe anim\u00e9 a hablar a los 9 a\u00f1os, cuando supe el significado de la palabra ped\u00f3filo y le pude contar a mi mam\u00e1 que sufr\u00eda abusos por parte de \u00c1ngel.\u00bb \u00abActualmente yo [&hellip;]<\/p>\n","protected":false},"author":4,"featured_media":87536,"comment_status":"open","ping_status":"closed","sticky":false,"template":"","format":"standard","meta":{"om_disable_all_campaigns":false,"_jetpack_memberships_contains_paid_content":false,"footnotes":""},"categories":[621],"tags":[],"class_list":["post-87534","post","type-post","status-publish","format-standard","has-post-thumbnail","hentry","category-regionales"],"aioseo_notices":[],"gutentor_comment":0,"jetpack_featured_media_url":"https:\/\/eldiariodesanpedro.com.ar\/sitio\/wp-content\/uploads\/2021\/02\/Abuso-sexual-de-menores.jpeg","jetpack_shortlink":"https:\/\/wp.me\/p6RhLt-mLQ","jetpack_sharing_enabled":true,"_links":{"self":[{"href":"https:\/\/eldiariodesanpedro.com.ar\/sitio\/wp-json\/wp\/v2\/posts\/87534","targetHints":{"allow":["GET"]}}],"collection":[{"href":"https:\/\/eldiariodesanpedro.com.ar\/sitio\/wp-json\/wp\/v2\/posts"}],"about":[{"href":"https:\/\/eldiariodesanpedro.com.ar\/sitio\/wp-json\/wp\/v2\/types\/post"}],"author":[{"embeddable":true,"href":"https:\/\/eldiariodesanpedro.com.ar\/sitio\/wp-json\/wp\/v2\/users\/4"}],"replies":[{"embeddable":true,"href":"https:\/\/eldiariodesanpedro.com.ar\/sitio\/wp-json\/wp\/v2\/comments?post=87534"}],"version-history":[{"count":1,"href":"https:\/\/eldiariodesanpedro.com.ar\/sitio\/wp-json\/wp\/v2\/posts\/87534\/revisions"}],"predecessor-version":[{"id":87537,"href":"https:\/\/eldiariodesanpedro.com.ar\/sitio\/wp-json\/wp\/v2\/posts\/87534\/revisions\/87537"}],"wp:featuredmedia":[{"embeddable":true,"href":"https:\/\/eldiariodesanpedro.com.ar\/sitio\/wp-json\/wp\/v2\/media\/87536"}],"wp:attachment":[{"href":"https:\/\/eldiariodesanpedro.com.ar\/sitio\/wp-json\/wp\/v2\/media?parent=87534"}],"wp:term":[{"taxonomy":"category","embeddable":true,"href":"https:\/\/eldiariodesanpedro.com.ar\/sitio\/wp-json\/wp\/v2\/categories?post=87534"},{"taxonomy":"post_tag","embeddable":true,"href":"https:\/\/eldiariodesanpedro.com.ar\/sitio\/wp-json\/wp\/v2\/tags?post=87534"}],"curies":[{"name":"wp","href":"https:\/\/api.w.org\/{rel}","templated":true}]}}