{"id":87531,"date":"2021-02-11T12:51:08","date_gmt":"2021-02-11T15:51:08","guid":{"rendered":"https:\/\/eldiariodesanpedro.com.ar\/sitio\/?p=87531"},"modified":"2021-02-11T12:51:09","modified_gmt":"2021-02-11T15:51:09","slug":"san-nicolas-se-investiga-el-hallazgo-de-un-joven-muerto-de-un-disparo-en-bo-parque-sarmiento","status":"publish","type":"post","link":"https:\/\/eldiariodesanpedro.com.ar\/sitio\/san-nicolas-se-investiga-el-hallazgo-de-un-joven-muerto-de-un-disparo-en-bo-parque-sarmiento\/","title":{"rendered":"SAN NICOL\u00c1S | Se investiga el hallazgo de un joven muerto de un disparo en Bo. Parque Sarmiento"},"content":{"rendered":"<!-- VideographyWP Plugin Message: Automatic video embedding prevented by plugin options. -->\n\n<p>Alrededor de las 7:30 de este jueves, un joven de entre 25 y 30 a\u00f1os fue asesinado de un disparo en barrio Parque Sarmiento. Su cuerpo fue encontrado tendido en inmediaciones de calle Zaracondegui y Salk, sin vida, con una bala alojada debajo de la axila.<br><br>La v\u00edctima no posee identificaci\u00f3n por lo que la polic\u00eda se encuentra realizando las averiguaciones pertinentes para constatar qui\u00e9n es la persona fallecida.<br><br>Es de contextura mediana, cutis trigue\u00f1o, y vest\u00eda una camisa mangas cortas, un short y estaba descalzo.<br><br>Personal de Polic\u00eda Cient\u00edfica trabaja en el lugar. La UFI 6 a cargo del Dr Mart\u00edn Mariezcurrena est\u00e1 a cargo del homicidio que aun se desconocen las circunstancias.<\/p>\n\n\n\n<p>Fuente: <a href=\"http:\/\/www.diarioelinformante.com.ar\/nota-60637_se-investiga-el-hallazgo-de-un-joven-muerto-de-un-disparo-en-bo-parque-sarmiento\">Diario El Informante<\/a><\/p>\n","protected":false},"excerpt":{"rendered":"<p>Alrededor de las 7:30 de este jueves, un joven de entre 25 y 30 a\u00f1os fue asesinado de un disparo en barrio Parque Sarmiento. Su cuerpo fue encontrado tendido en inmediaciones de calle Zaracondegui y Salk, sin vida, con una bala alojada debajo de la axila. La v\u00edctima no posee identificaci\u00f3n por lo que la [&hellip;]<\/p>\n","protected":false},"author":4,"featured_media":87532,"comment_status":"open","ping_status":"closed","sticky":false,"template":"","format":"standard","meta":{"om_disable_all_campaigns":false,"_jetpack_memberships_contains_paid_content":false,"footnotes":""},"categories":[621],"tags":[],"class_list":["post-87531","post","type-post","status-publish","format-standard","has-post-thumbnail","hentry","category-regionales"],"aioseo_notices":[],"gutentor_comment":0,"jetpack_featured_media_url":"https:\/\/eldiariodesanpedro.com.ar\/sitio\/wp-content\/uploads\/2021\/02\/no_3i2if1fhdbn2mdtWhatsApp_Image_2021_02_11_at_10.16.53.jpeg","jetpack_shortlink":"https:\/\/wp.me\/p6RhLt-mLN","jetpack_sharing_enabled":true,"_links":{"self":[{"href":"https:\/\/eldiariodesanpedro.com.ar\/sitio\/wp-json\/wp\/v2\/posts\/87531","targetHints":{"allow":["GET"]}}],"collection":[{"href":"https:\/\/eldiariodesanpedro.com.ar\/sitio\/wp-json\/wp\/v2\/posts"}],"about":[{"href":"https:\/\/eldiariodesanpedro.com.ar\/sitio\/wp-json\/wp\/v2\/types\/post"}],"author":[{"embeddable":true,"href":"https:\/\/eldiariodesanpedro.com.ar\/sitio\/wp-json\/wp\/v2\/users\/4"}],"replies":[{"embeddable":true,"href":"https:\/\/eldiariodesanpedro.com.ar\/sitio\/wp-json\/wp\/v2\/comments?post=87531"}],"version-history":[{"count":1,"href":"https:\/\/eldiariodesanpedro.com.ar\/sitio\/wp-json\/wp\/v2\/posts\/87531\/revisions"}],"predecessor-version":[{"id":87533,"href":"https:\/\/eldiariodesanpedro.com.ar\/sitio\/wp-json\/wp\/v2\/posts\/87531\/revisions\/87533"}],"wp:featuredmedia":[{"embeddable":true,"href":"https:\/\/eldiariodesanpedro.com.ar\/sitio\/wp-json\/wp\/v2\/media\/87532"}],"wp:attachment":[{"href":"https:\/\/eldiariodesanpedro.com.ar\/sitio\/wp-json\/wp\/v2\/media?parent=87531"}],"wp:term":[{"taxonomy":"category","embeddable":true,"href":"https:\/\/eldiariodesanpedro.com.ar\/sitio\/wp-json\/wp\/v2\/categories?post=87531"},{"taxonomy":"post_tag","embeddable":true,"href":"https:\/\/eldiariodesanpedro.com.ar\/sitio\/wp-json\/wp\/v2\/tags?post=87531"}],"curies":[{"name":"wp","href":"https:\/\/api.w.org\/{rel}","templated":true}]}}