{"id":87528,"date":"2021-02-11T12:41:54","date_gmt":"2021-02-11T15:41:54","guid":{"rendered":"https:\/\/eldiariodesanpedro.com.ar\/sitio\/?p=87528"},"modified":"2021-02-11T12:41:55","modified_gmt":"2021-02-11T15:41:55","slug":"baradero-robaron-una-bicicleta-y-la-madre-de-los-delincuentes-fue-quien-la-devolvio-a-la-policia","status":"publish","type":"post","link":"https:\/\/eldiariodesanpedro.com.ar\/sitio\/baradero-robaron-una-bicicleta-y-la-madre-de-los-delincuentes-fue-quien-la-devolvio-a-la-policia\/","title":{"rendered":"BARADERO | Robaron una bicicleta y la madre de los delincuentes fue quien la devolvi\u00f3 a la polic\u00eda"},"content":{"rendered":"<!-- VideographyWP Plugin Message: Automatic video embedding prevented by plugin options. -->\n\n<p>Daniela Oricain, due\u00f1a del rodado, cont\u00f3 los detalles del hecho.<\/p>\n\n\n\n<p>\u00abLa madre de los delincuentes, que eran menores, escuch\u00f3 que hab\u00edan llegado con una bici robada y que la hab\u00edan cambiado por marihuana.<\/p>\n\n\n\n<p>Les pidi\u00f3 que le digan d\u00f3nde estaba y la entreg\u00f3 a comisar\u00eda\u00bb<\/p>\n\n\n\n<p>\u00abLos delincuentes viven en el barrio H\u00eddrico, pasaron por el Parque Sarmiento y se la llevaron.\u00bb<\/p>\n\n\n\n<p>\u00abLa recuperamos gracias a la madre de los chorros\u00bb<\/p>\n\n\n\n<p>Fuente: <a href=\"https:\/\/www.facebook.com\/fmtiempo1035\/posts\/1635222699999060\">Fm Tiempo<\/a><\/p>\n","protected":false},"excerpt":{"rendered":"<p>Daniela Oricain, due\u00f1a del rodado, cont\u00f3 los detalles del hecho. \u00abLa madre de los delincuentes, que eran menores, escuch\u00f3 que hab\u00edan llegado con una bici robada y que la hab\u00edan cambiado por marihuana. Les pidi\u00f3 que le digan d\u00f3nde estaba y la entreg\u00f3 a comisar\u00eda\u00bb \u00abLos delincuentes viven en el barrio H\u00eddrico, pasaron por el [&hellip;]<\/p>\n","protected":false},"author":4,"featured_media":87529,"comment_status":"open","ping_status":"closed","sticky":false,"template":"","format":"standard","meta":{"om_disable_all_campaigns":false,"_jetpack_memberships_contains_paid_content":false,"footnotes":""},"categories":[621],"tags":[],"class_list":["post-87528","post","type-post","status-publish","format-standard","has-post-thumbnail","hentry","category-regionales"],"aioseo_notices":[],"gutentor_comment":0,"jetpack_featured_media_url":"https:\/\/eldiariodesanpedro.com.ar\/sitio\/wp-content\/uploads\/2021\/02\/robo.jpg","jetpack_shortlink":"https:\/\/wp.me\/p6RhLt-mLK","jetpack_sharing_enabled":true,"_links":{"self":[{"href":"https:\/\/eldiariodesanpedro.com.ar\/sitio\/wp-json\/wp\/v2\/posts\/87528","targetHints":{"allow":["GET"]}}],"collection":[{"href":"https:\/\/eldiariodesanpedro.com.ar\/sitio\/wp-json\/wp\/v2\/posts"}],"about":[{"href":"https:\/\/eldiariodesanpedro.com.ar\/sitio\/wp-json\/wp\/v2\/types\/post"}],"author":[{"embeddable":true,"href":"https:\/\/eldiariodesanpedro.com.ar\/sitio\/wp-json\/wp\/v2\/users\/4"}],"replies":[{"embeddable":true,"href":"https:\/\/eldiariodesanpedro.com.ar\/sitio\/wp-json\/wp\/v2\/comments?post=87528"}],"version-history":[{"count":1,"href":"https:\/\/eldiariodesanpedro.com.ar\/sitio\/wp-json\/wp\/v2\/posts\/87528\/revisions"}],"predecessor-version":[{"id":87530,"href":"https:\/\/eldiariodesanpedro.com.ar\/sitio\/wp-json\/wp\/v2\/posts\/87528\/revisions\/87530"}],"wp:featuredmedia":[{"embeddable":true,"href":"https:\/\/eldiariodesanpedro.com.ar\/sitio\/wp-json\/wp\/v2\/media\/87529"}],"wp:attachment":[{"href":"https:\/\/eldiariodesanpedro.com.ar\/sitio\/wp-json\/wp\/v2\/media?parent=87528"}],"wp:term":[{"taxonomy":"category","embeddable":true,"href":"https:\/\/eldiariodesanpedro.com.ar\/sitio\/wp-json\/wp\/v2\/categories?post=87528"},{"taxonomy":"post_tag","embeddable":true,"href":"https:\/\/eldiariodesanpedro.com.ar\/sitio\/wp-json\/wp\/v2\/tags?post=87528"}],"curies":[{"name":"wp","href":"https:\/\/api.w.org\/{rel}","templated":true}]}}