{"id":87524,"date":"2021-02-11T12:33:43","date_gmt":"2021-02-11T15:33:43","guid":{"rendered":"https:\/\/eldiariodesanpedro.com.ar\/sitio\/?p=87524"},"modified":"2021-02-11T12:33:47","modified_gmt":"2021-02-11T15:33:47","slug":"rojas-echaron-a-policias-de-la-seccional-y-de-la-comisaria-de-la-mujer","status":"publish","type":"post","link":"https:\/\/eldiariodesanpedro.com.ar\/sitio\/rojas-echaron-a-policias-de-la-seccional-y-de-la-comisaria-de-la-mujer\/","title":{"rendered":"ROJAS | Echaron a polic\u00edas de la Seccional y de la Comisar\u00eda de la Mujer"},"content":{"rendered":"<!-- VideographyWP Plugin Message: Automatic video embedding prevented by plugin options. -->\n\n<p>A causa del femicidio de \u00darsula y por orden de Sergio Berni, intervinieron la dos dependencias.<\/p>\n\n\n\n<p>Denuncias deso\u00eddas, femicida miembro de la fuerza de seguridad, sospechas de encubrimiento y represi\u00f3n. Un combo que oblig\u00f3 al Ministerio de Seguridad bonaerense a ordenar, a trav\u00e9s de Asuntos Internos, la intervenci\u00f3n de la Seccional de Rojas y tambi\u00e9n la Comisar\u00eda de la Mujer luego del femicidio de \u00darsula Bahillo. Los jefes de las dependencias quedaron desplazados de sus cargos mientras avanza la investigaci\u00f3n del crimen y de lo que ocurri\u00f3 antes y despu\u00e9s.<\/p>\n\n\n\n<p>Los operativos se llevaron a cabo este mi\u00e9rcoles a pedido de Daniel Garc\u00eda, Jefe de la Polic\u00eda de Buenos Aires, y del titular de la cartera de Seguridad, Sergio Berni. Los pormenores del caso conocidos tras el crimen, este lunes, de la joven de 19 a\u00f1os, derivaron en una investigaci\u00f3n para determinar el grado de responsabilidad que le cabe a la c\u00fapula de la Seccional y, tambi\u00e9n, a los de la Comisar\u00eda de la Mujer.<\/p>\n\n\n\n<p>Otro de los ejes de las investigaciones es la responsabilidad de la delegaci\u00f3n local de la Bonaerense en la represi\u00f3n a los vecinos que protagonizaron una pueblada la misma noche del asesinato frente a la seccional de la fuerza. Los agentes cargaron contra los civiles con balas de goma y gases lacrim\u00f3genos, actitud que deriv\u00f3 en varios heridos.<\/p>\n\n\n\n<p>Una amiga de \u00darsula Bahillo recibi\u00f3 un balazo de goma en la cara mientras protestaba frente a los agentes que estaban custodiando la dependencia policial y respondieron con represi\u00f3n a la convocatoria ciudadana.<\/p>\n\n\n\n<p>Nerina estuvo a punto de perder el ojo izquierdo por la posta de goma. \u201cLa saqu\u00e9 barata, cinco cent\u00edmetros m\u00e1s y me sacaban el ojo\u201d, cont\u00f3 la chica.<\/p>\n\n\n\n<p>\u201cMe pegaron el tiro y despu\u00e9s me trasladaron a urgencia. Tuve suerte. Me enter\u00e9 a las 9 de la noche de lo que hab\u00eda pasado y a las 12 ya estaba ac\u00e1 en la comisar\u00eda. No quer\u00eda lastimar a nadie, solamente vine a pararme a pedir justicia\u201d, agreg\u00f3.<\/p>\n\n\n\n<p>Nerina, igual, particip\u00f3 de la manifestaci\u00f3n organizada este martes para pedir justicia por el femicidio, frente a la Plaza San Mart\u00edn de Rojas.<\/p>\n\n\n\n<p>El mismo d\u00eda, el ministro de Seguridad bonaerense, Berni, viaj\u00f3 hasta Rojas para reunirse con los familiares de la v\u00edctima. Lo&nbsp;recibi\u00f3 la madre de la joven asesinada. \u201cElla quer\u00eda hablar conmigo y era mi obligaci\u00f3n venir para compartir algunos cuestionamientos y aclarar sus dudas. Todo lo que se habl\u00f3 es en t\u00e9rminos privados. El resto de los acontecimientos son p\u00fablicos\u201d, se\u00f1al\u00f3 el funcionario.<\/p>\n\n\n\n<p>El ministro tambi\u00e9n se refiri\u00f3 a la situaci\u00f3n del agente&nbsp;Mat\u00edas Ezequiel Mart\u00ednez, de 25 a\u00f1os, detenido por el femicidio, quien estaba con carpeta psiqui\u00e1trica desde septiembre pasado, por lo cual hab\u00eda sido apartado de sus funciones. Berni dijo que se comprometi\u00f3 con la madre \u201ca hacer todo lo que haya que hacer\u201d para que la defensa del uniformado no pueda utilizar esta condici\u00f3n m\u00e9dica para buscar la inimputabilidad del polic\u00eda.<\/p>\n\n\n\n<p>La mam\u00e1 de \u00darsula, Patricia Nassutti, agradeci\u00f3 \u201cuna palabra de aliento muy importante\u201d por parte de Berni. \u201cVoy a seguir en pie hasta tener justicia. Conf\u00edo ciegamente en que mi hija va a descansar en paz\u201d, a\u00f1adi\u00f3 la mujer.<\/p>\n\n\n\n<p>Fuente: El Ciudadano Web<\/p>\n","protected":false},"excerpt":{"rendered":"<p>A causa del femicidio de \u00darsula y por orden de Sergio Berni, intervinieron la dos dependencias. Denuncias deso\u00eddas, femicida miembro de la fuerza de seguridad, sospechas de encubrimiento y represi\u00f3n. Un combo que oblig\u00f3 al Ministerio de Seguridad bonaerense a ordenar, a trav\u00e9s de Asuntos Internos, la intervenci\u00f3n de la Seccional de Rojas y tambi\u00e9n [&hellip;]<\/p>\n","protected":false},"author":4,"featured_media":87525,"comment_status":"open","ping_status":"closed","sticky":false,"template":"","format":"standard","meta":{"om_disable_all_campaigns":false,"_jetpack_memberships_contains_paid_content":false,"footnotes":""},"categories":[621],"tags":[],"class_list":["post-87524","post","type-post","status-publish","format-standard","has-post-thumbnail","hentry","category-regionales"],"aioseo_notices":[],"gutentor_comment":0,"jetpack_featured_media_url":"https:\/\/eldiariodesanpedro.com.ar\/sitio\/wp-content\/uploads\/2021\/02\/Marcha-Ursula-750x510-1.jpg","jetpack_shortlink":"https:\/\/wp.me\/p6RhLt-mLG","jetpack_sharing_enabled":true,"_links":{"self":[{"href":"https:\/\/eldiariodesanpedro.com.ar\/sitio\/wp-json\/wp\/v2\/posts\/87524","targetHints":{"allow":["GET"]}}],"collection":[{"href":"https:\/\/eldiariodesanpedro.com.ar\/sitio\/wp-json\/wp\/v2\/posts"}],"about":[{"href":"https:\/\/eldiariodesanpedro.com.ar\/sitio\/wp-json\/wp\/v2\/types\/post"}],"author":[{"embeddable":true,"href":"https:\/\/eldiariodesanpedro.com.ar\/sitio\/wp-json\/wp\/v2\/users\/4"}],"replies":[{"embeddable":true,"href":"https:\/\/eldiariodesanpedro.com.ar\/sitio\/wp-json\/wp\/v2\/comments?post=87524"}],"version-history":[{"count":1,"href":"https:\/\/eldiariodesanpedro.com.ar\/sitio\/wp-json\/wp\/v2\/posts\/87524\/revisions"}],"predecessor-version":[{"id":87526,"href":"https:\/\/eldiariodesanpedro.com.ar\/sitio\/wp-json\/wp\/v2\/posts\/87524\/revisions\/87526"}],"wp:featuredmedia":[{"embeddable":true,"href":"https:\/\/eldiariodesanpedro.com.ar\/sitio\/wp-json\/wp\/v2\/media\/87525"}],"wp:attachment":[{"href":"https:\/\/eldiariodesanpedro.com.ar\/sitio\/wp-json\/wp\/v2\/media?parent=87524"}],"wp:term":[{"taxonomy":"category","embeddable":true,"href":"https:\/\/eldiariodesanpedro.com.ar\/sitio\/wp-json\/wp\/v2\/categories?post=87524"},{"taxonomy":"post_tag","embeddable":true,"href":"https:\/\/eldiariodesanpedro.com.ar\/sitio\/wp-json\/wp\/v2\/tags?post=87524"}],"curies":[{"name":"wp","href":"https:\/\/api.w.org\/{rel}","templated":true}]}}