{"id":87521,"date":"2021-02-11T12:28:30","date_gmt":"2021-02-11T15:28:30","guid":{"rendered":"https:\/\/eldiariodesanpedro.com.ar\/sitio\/?p=87521"},"modified":"2021-02-11T12:28:34","modified_gmt":"2021-02-11T15:28:34","slug":"baradero-joven-mujer-golpeada-brutalmente-en-un-caso-de-violencia-familiar","status":"publish","type":"post","link":"https:\/\/eldiariodesanpedro.com.ar\/sitio\/baradero-joven-mujer-golpeada-brutalmente-en-un-caso-de-violencia-familiar\/","title":{"rendered":"BARADERO | Joven mujer golpeada brutalmente en un caso de violencia familiar"},"content":{"rendered":"<!-- VideographyWP Plugin Message: Automatic video embedding prevented by plugin options. -->\n\n<p>As\u00ed lo confirm\u00f3 el director m\u00e9dico del Hospital Municipal, Silvio Ejarque al informar lo que ocurri\u00f3 con esta joven de 23 a\u00f1os que ingres\u00f3 al nosocomio golpeada en la madrugada.<\/p>\n\n\n\n<p>\u00abEs tra\u00edda por el servicio del 107, ingresa con hematomas y traumatismos m\u00faltiples. Ella refiere un cuadro de violencia familiar\u00bb<\/p>\n\n\n\n<p>\u00abLa joven de 23 a\u00f1os est\u00e1 estable, en sala general, con su familia conteniendola.\u00bb<\/p>\n\n\n\n<p>\u00abSe le informa de inmediato a la polic\u00eda y proceden en hacer la denuncia\u00bb<\/p>\n\n\n\n<p>Fuente: Fm Tiempo<\/p>\n","protected":false},"excerpt":{"rendered":"<p>As\u00ed lo confirm\u00f3 el director m\u00e9dico del Hospital Municipal, Silvio Ejarque al informar lo que ocurri\u00f3 con esta joven de 23 a\u00f1os que ingres\u00f3 al nosocomio golpeada en la madrugada. \u00abEs tra\u00edda por el servicio del 107, ingresa con hematomas y traumatismos m\u00faltiples. Ella refiere un cuadro de violencia familiar\u00bb \u00abLa joven de 23 a\u00f1os [&hellip;]<\/p>\n","protected":false},"author":4,"featured_media":87522,"comment_status":"open","ping_status":"closed","sticky":false,"template":"","format":"standard","meta":{"om_disable_all_campaigns":false,"_jetpack_memberships_contains_paid_content":false,"footnotes":""},"categories":[621],"tags":[],"class_list":["post-87521","post","type-post","status-publish","format-standard","has-post-thumbnail","hentry","category-regionales"],"aioseo_notices":[],"gutentor_comment":0,"jetpack_featured_media_url":"https:\/\/eldiariodesanpedro.com.ar\/sitio\/wp-content\/uploads\/2021\/02\/149374341_1635173063337357_3175578917253609131_n.jpg","jetpack_shortlink":"https:\/\/wp.me\/p6RhLt-mLD","jetpack_sharing_enabled":true,"_links":{"self":[{"href":"https:\/\/eldiariodesanpedro.com.ar\/sitio\/wp-json\/wp\/v2\/posts\/87521","targetHints":{"allow":["GET"]}}],"collection":[{"href":"https:\/\/eldiariodesanpedro.com.ar\/sitio\/wp-json\/wp\/v2\/posts"}],"about":[{"href":"https:\/\/eldiariodesanpedro.com.ar\/sitio\/wp-json\/wp\/v2\/types\/post"}],"author":[{"embeddable":true,"href":"https:\/\/eldiariodesanpedro.com.ar\/sitio\/wp-json\/wp\/v2\/users\/4"}],"replies":[{"embeddable":true,"href":"https:\/\/eldiariodesanpedro.com.ar\/sitio\/wp-json\/wp\/v2\/comments?post=87521"}],"version-history":[{"count":1,"href":"https:\/\/eldiariodesanpedro.com.ar\/sitio\/wp-json\/wp\/v2\/posts\/87521\/revisions"}],"predecessor-version":[{"id":87523,"href":"https:\/\/eldiariodesanpedro.com.ar\/sitio\/wp-json\/wp\/v2\/posts\/87521\/revisions\/87523"}],"wp:featuredmedia":[{"embeddable":true,"href":"https:\/\/eldiariodesanpedro.com.ar\/sitio\/wp-json\/wp\/v2\/media\/87522"}],"wp:attachment":[{"href":"https:\/\/eldiariodesanpedro.com.ar\/sitio\/wp-json\/wp\/v2\/media?parent=87521"}],"wp:term":[{"taxonomy":"category","embeddable":true,"href":"https:\/\/eldiariodesanpedro.com.ar\/sitio\/wp-json\/wp\/v2\/categories?post=87521"},{"taxonomy":"post_tag","embeddable":true,"href":"https:\/\/eldiariodesanpedro.com.ar\/sitio\/wp-json\/wp\/v2\/tags?post=87521"}],"curies":[{"name":"wp","href":"https:\/\/api.w.org\/{rel}","templated":true}]}}