{"id":87519,"date":"2021-02-11T12:25:02","date_gmt":"2021-02-11T15:25:02","guid":{"rendered":"https:\/\/eldiariodesanpedro.com.ar\/sitio\/?p=87519"},"modified":"2021-02-11T12:25:06","modified_gmt":"2021-02-11T15:25:06","slug":"dos-camionetas-chocaron-en-un-camino-rural-de-moneta","status":"publish","type":"post","link":"https:\/\/eldiariodesanpedro.com.ar\/sitio\/dos-camionetas-chocaron-en-un-camino-rural-de-moneta\/","title":{"rendered":"Dos camionetas chocaron en un camino rural de Moneta"},"content":{"rendered":"<!-- VideographyWP Plugin Message: Automatic video embedding prevented by plugin options. -->\n\n<p>La polic\u00eda de nuestra ciudad se debi\u00f3 hacer presente en un accidente de tr\u00e1nsito ocurrido en un camino rural donde&nbsp; dos camionetas colisionaron con una persona lesionada.<\/p>\n\n\n\n<p>Este mi\u00e9rcoles en horas de las noches alrededor de las 22 hs en un camino rural de la localidad de Paraje Ingeniero Moneta ocurri\u00f3 un incidente vial donde por razones que se tratan de establecer una camioneta Chevrolet S10 conducida por un hombre de 63 a\u00f1os colision\u00f3 contra otra camioneta Ford Ranger conducida por un hombre de 45 a\u00f1os.<\/p>\n\n\n\n<p>Tambi\u00e9n se tuvo que hacer presente una ambulancia del SAME para el traslado del hombre mayor por sufrir heridas leves.&nbsp;<\/p>\n","protected":false},"excerpt":{"rendered":"<p>La polic\u00eda de nuestra ciudad se debi\u00f3 hacer presente en un accidente de tr\u00e1nsito ocurrido en un camino rural donde&nbsp; dos camionetas colisionaron con una persona lesionada. Este mi\u00e9rcoles en horas de las noches alrededor de las 22 hs en un camino rural de la localidad de Paraje Ingeniero Moneta ocurri\u00f3 un incidente vial donde [&hellip;]<\/p>\n","protected":false},"author":4,"featured_media":67820,"comment_status":"open","ping_status":"closed","sticky":false,"template":"","format":"standard","meta":{"om_disable_all_campaigns":false,"_jetpack_memberships_contains_paid_content":false,"footnotes":""},"categories":[2,103],"tags":[],"class_list":["post-87519","post","type-post","status-publish","format-standard","has-post-thumbnail","hentry","category-locales","category-policiales-locales"],"aioseo_notices":[],"gutentor_comment":0,"jetpack_featured_media_url":"https:\/\/eldiariodesanpedro.com.ar\/sitio\/wp-content\/uploads\/2020\/01\/patrulla-rural_3.jpg","jetpack_shortlink":"https:\/\/wp.me\/p6RhLt-mLB","jetpack_sharing_enabled":true,"_links":{"self":[{"href":"https:\/\/eldiariodesanpedro.com.ar\/sitio\/wp-json\/wp\/v2\/posts\/87519","targetHints":{"allow":["GET"]}}],"collection":[{"href":"https:\/\/eldiariodesanpedro.com.ar\/sitio\/wp-json\/wp\/v2\/posts"}],"about":[{"href":"https:\/\/eldiariodesanpedro.com.ar\/sitio\/wp-json\/wp\/v2\/types\/post"}],"author":[{"embeddable":true,"href":"https:\/\/eldiariodesanpedro.com.ar\/sitio\/wp-json\/wp\/v2\/users\/4"}],"replies":[{"embeddable":true,"href":"https:\/\/eldiariodesanpedro.com.ar\/sitio\/wp-json\/wp\/v2\/comments?post=87519"}],"version-history":[{"count":1,"href":"https:\/\/eldiariodesanpedro.com.ar\/sitio\/wp-json\/wp\/v2\/posts\/87519\/revisions"}],"predecessor-version":[{"id":87520,"href":"https:\/\/eldiariodesanpedro.com.ar\/sitio\/wp-json\/wp\/v2\/posts\/87519\/revisions\/87520"}],"wp:featuredmedia":[{"embeddable":true,"href":"https:\/\/eldiariodesanpedro.com.ar\/sitio\/wp-json\/wp\/v2\/media\/67820"}],"wp:attachment":[{"href":"https:\/\/eldiariodesanpedro.com.ar\/sitio\/wp-json\/wp\/v2\/media?parent=87519"}],"wp:term":[{"taxonomy":"category","embeddable":true,"href":"https:\/\/eldiariodesanpedro.com.ar\/sitio\/wp-json\/wp\/v2\/categories?post=87519"},{"taxonomy":"post_tag","embeddable":true,"href":"https:\/\/eldiariodesanpedro.com.ar\/sitio\/wp-json\/wp\/v2\/tags?post=87519"}],"curies":[{"name":"wp","href":"https:\/\/api.w.org\/{rel}","templated":true}]}}