{"id":87517,"date":"2021-02-11T12:13:13","date_gmt":"2021-02-11T15:13:13","guid":{"rendered":"https:\/\/eldiariodesanpedro.com.ar\/sitio\/?p=87517"},"modified":"2021-02-11T12:13:17","modified_gmt":"2021-02-11T15:13:17","slug":"luego-de-robar-una-motocicleta-los-delincuentes-la-abandonaron-en-la-calle","status":"publish","type":"post","link":"https:\/\/eldiariodesanpedro.com.ar\/sitio\/luego-de-robar-una-motocicleta-los-delincuentes-la-abandonaron-en-la-calle\/","title":{"rendered":"Luego de robar una motocicleta los delincuentes la abandonaron en la calle"},"content":{"rendered":"<!-- VideographyWP Plugin Message: Automatic video embedding prevented by plugin options. -->\n\n<p>En la jornada de ayer la polic\u00eda de nuestra ciudad encontr\u00f3 abandonada una motocicleta en la v\u00eda p\u00fablica.<\/p>\n\n\n\n<p>Este mi\u00e9rcoles efectivos policiales que se desplazaban en un m\u00f3vil se hicieron presentes en calle Nieto de Torres y Obligado donde lograron recuperar una motocicleta Guerrero Trip 110 cc color roja que minutos antes hab\u00eda sido sustra\u00edda en calle Sarmiento entre Goycochea y Juan B. Justo a una femenina de 37 a\u00f1os de edad.<\/p>\n\n\n\n<p>El rodado fue restituido a su propietaria momentos despu\u00e9s en la comisar\u00eda local.<\/p>\n","protected":false},"excerpt":{"rendered":"<p>En la jornada de ayer la polic\u00eda de nuestra ciudad encontr\u00f3 abandonada una motocicleta en la v\u00eda p\u00fablica. Este mi\u00e9rcoles efectivos policiales que se desplazaban en un m\u00f3vil se hicieron presentes en calle Nieto de Torres y Obligado donde lograron recuperar una motocicleta Guerrero Trip 110 cc color roja que minutos antes hab\u00eda sido sustra\u00edda [&hellip;]<\/p>\n","protected":false},"author":4,"featured_media":77561,"comment_status":"open","ping_status":"closed","sticky":false,"template":"","format":"standard","meta":{"om_disable_all_campaigns":false,"_jetpack_memberships_contains_paid_content":false,"footnotes":""},"categories":[2,103],"tags":[],"class_list":["post-87517","post","type-post","status-publish","format-standard","has-post-thumbnail","hentry","category-locales","category-policiales-locales"],"aioseo_notices":[],"gutentor_comment":0,"jetpack_featured_media_url":"https:\/\/eldiariodesanpedro.com.ar\/sitio\/wp-content\/uploads\/2020\/07\/20200709072134.jpg","jetpack_shortlink":"https:\/\/wp.me\/p6RhLt-mLz","jetpack_sharing_enabled":true,"_links":{"self":[{"href":"https:\/\/eldiariodesanpedro.com.ar\/sitio\/wp-json\/wp\/v2\/posts\/87517","targetHints":{"allow":["GET"]}}],"collection":[{"href":"https:\/\/eldiariodesanpedro.com.ar\/sitio\/wp-json\/wp\/v2\/posts"}],"about":[{"href":"https:\/\/eldiariodesanpedro.com.ar\/sitio\/wp-json\/wp\/v2\/types\/post"}],"author":[{"embeddable":true,"href":"https:\/\/eldiariodesanpedro.com.ar\/sitio\/wp-json\/wp\/v2\/users\/4"}],"replies":[{"embeddable":true,"href":"https:\/\/eldiariodesanpedro.com.ar\/sitio\/wp-json\/wp\/v2\/comments?post=87517"}],"version-history":[{"count":1,"href":"https:\/\/eldiariodesanpedro.com.ar\/sitio\/wp-json\/wp\/v2\/posts\/87517\/revisions"}],"predecessor-version":[{"id":87518,"href":"https:\/\/eldiariodesanpedro.com.ar\/sitio\/wp-json\/wp\/v2\/posts\/87517\/revisions\/87518"}],"wp:featuredmedia":[{"embeddable":true,"href":"https:\/\/eldiariodesanpedro.com.ar\/sitio\/wp-json\/wp\/v2\/media\/77561"}],"wp:attachment":[{"href":"https:\/\/eldiariodesanpedro.com.ar\/sitio\/wp-json\/wp\/v2\/media?parent=87517"}],"wp:term":[{"taxonomy":"category","embeddable":true,"href":"https:\/\/eldiariodesanpedro.com.ar\/sitio\/wp-json\/wp\/v2\/categories?post=87517"},{"taxonomy":"post_tag","embeddable":true,"href":"https:\/\/eldiariodesanpedro.com.ar\/sitio\/wp-json\/wp\/v2\/tags?post=87517"}],"curies":[{"name":"wp","href":"https:\/\/api.w.org\/{rel}","templated":true}]}}