{"id":87515,"date":"2021-02-11T11:50:59","date_gmt":"2021-02-11T14:50:59","guid":{"rendered":"https:\/\/eldiariodesanpedro.com.ar\/sitio\/?p=87515"},"modified":"2021-02-11T11:51:03","modified_gmt":"2021-02-11T14:51:03","slug":"dos-delincuentes-robaron-plantas-de-citricos-en-un-vivero","status":"publish","type":"post","link":"https:\/\/eldiariodesanpedro.com.ar\/sitio\/dos-delincuentes-robaron-plantas-de-citricos-en-un-vivero\/","title":{"rendered":"Dos delincuentes robaron plantas de c\u00edtricos en un vivero"},"content":{"rendered":"<!-- VideographyWP Plugin Message: Automatic video embedding prevented by plugin options. -->\n\n<p>En la jornada de este mi\u00e9rcoles la propietaria de un vivero ubicado en la ciudad se acerc\u00f3 hasta la comisar\u00eda local para realizar la denuncia por un robo en horas de la madrugada.<\/p>\n\n\n\n<p>El hecho tuvo lugar en el vivero ubicado en calle Las Provincias y Lucio Mansilla donde dos delincuentes no identificados ingresaron tras da\u00f1ar alambrado perimetral y se llevaron alrededor de 15 plantas de c\u00edtricos.<\/p>\n\n\n\n<p>Tom\u00f3 intervenci\u00f3n la UFI N\u00ba 11 que realizar\u00e1 las tareas de investigaci\u00f3n para dar con lo sustra\u00eddo.<\/p>\n","protected":false},"excerpt":{"rendered":"<p>En la jornada de este mi\u00e9rcoles la propietaria de un vivero ubicado en la ciudad se acerc\u00f3 hasta la comisar\u00eda local para realizar la denuncia por un robo en horas de la madrugada. El hecho tuvo lugar en el vivero ubicado en calle Las Provincias y Lucio Mansilla donde dos delincuentes no identificados ingresaron tras [&hellip;]<\/p>\n","protected":false},"author":4,"featured_media":77860,"comment_status":"open","ping_status":"closed","sticky":false,"template":"","format":"standard","meta":{"om_disable_all_campaigns":false,"_jetpack_memberships_contains_paid_content":false,"footnotes":""},"categories":[2,103],"tags":[],"class_list":["post-87515","post","type-post","status-publish","format-standard","has-post-thumbnail","hentry","category-locales","category-policiales-locales"],"aioseo_notices":[],"gutentor_comment":0,"jetpack_featured_media_url":"https:\/\/eldiariodesanpedro.com.ar\/sitio\/wp-content\/uploads\/2020\/07\/000085506.jpg","jetpack_shortlink":"https:\/\/wp.me\/p6RhLt-mLx","jetpack_sharing_enabled":true,"_links":{"self":[{"href":"https:\/\/eldiariodesanpedro.com.ar\/sitio\/wp-json\/wp\/v2\/posts\/87515","targetHints":{"allow":["GET"]}}],"collection":[{"href":"https:\/\/eldiariodesanpedro.com.ar\/sitio\/wp-json\/wp\/v2\/posts"}],"about":[{"href":"https:\/\/eldiariodesanpedro.com.ar\/sitio\/wp-json\/wp\/v2\/types\/post"}],"author":[{"embeddable":true,"href":"https:\/\/eldiariodesanpedro.com.ar\/sitio\/wp-json\/wp\/v2\/users\/4"}],"replies":[{"embeddable":true,"href":"https:\/\/eldiariodesanpedro.com.ar\/sitio\/wp-json\/wp\/v2\/comments?post=87515"}],"version-history":[{"count":1,"href":"https:\/\/eldiariodesanpedro.com.ar\/sitio\/wp-json\/wp\/v2\/posts\/87515\/revisions"}],"predecessor-version":[{"id":87516,"href":"https:\/\/eldiariodesanpedro.com.ar\/sitio\/wp-json\/wp\/v2\/posts\/87515\/revisions\/87516"}],"wp:featuredmedia":[{"embeddable":true,"href":"https:\/\/eldiariodesanpedro.com.ar\/sitio\/wp-json\/wp\/v2\/media\/77860"}],"wp:attachment":[{"href":"https:\/\/eldiariodesanpedro.com.ar\/sitio\/wp-json\/wp\/v2\/media?parent=87515"}],"wp:term":[{"taxonomy":"category","embeddable":true,"href":"https:\/\/eldiariodesanpedro.com.ar\/sitio\/wp-json\/wp\/v2\/categories?post=87515"},{"taxonomy":"post_tag","embeddable":true,"href":"https:\/\/eldiariodesanpedro.com.ar\/sitio\/wp-json\/wp\/v2\/tags?post=87515"}],"curies":[{"name":"wp","href":"https:\/\/api.w.org\/{rel}","templated":true}]}}