{"id":87513,"date":"2021-02-11T11:02:33","date_gmt":"2021-02-11T14:02:33","guid":{"rendered":"https:\/\/eldiariodesanpedro.com.ar\/sitio\/?p=87513"},"modified":"2021-02-11T11:02:36","modified_gmt":"2021-02-11T14:02:36","slug":"dos-ninos-de-14-y-15-anos-aprehendidos-por-romper-luces-de-la-calle","status":"publish","type":"post","link":"https:\/\/eldiariodesanpedro.com.ar\/sitio\/dos-ninos-de-14-y-15-anos-aprehendidos-por-romper-luces-de-la-calle\/","title":{"rendered":"Dos ni\u00f1os de 14 y 15 a\u00f1os aprehendidos por romper luces de la calle"},"content":{"rendered":"<!-- VideographyWP Plugin Message: Automatic video embedding prevented by plugin options. -->\n\n<p>El personal policial perteneciente al destacamento de la vecina localidad de R\u00edo Tala tuvo que realizar la aprehensi\u00f3n de dos menores que se encontraban rompiendo la luminaria de la v\u00eda p\u00fablica.<\/p>\n\n\n\n<p>Este jueves un m\u00f3vil policial se hizo presente en calle&nbsp; Veterano de Malvinas y Cisi donde se logr\u00f3 la aprehensi\u00f3n de dos j\u00f3venes de 14 y 15 a\u00f1os quienes se encontraban da\u00f1ando luminarias de las calles con piedras.<\/p>\n\n\n\n<p>Los dos menores fueron aprehendidos y trasladados al destacamento donde fueron informados y entregados a sus progenitores.<\/p>\n","protected":false},"excerpt":{"rendered":"<p>El personal policial perteneciente al destacamento de la vecina localidad de R\u00edo Tala tuvo que realizar la aprehensi\u00f3n de dos menores que se encontraban rompiendo la luminaria de la v\u00eda p\u00fablica. Este jueves un m\u00f3vil policial se hizo presente en calle&nbsp; Veterano de Malvinas y Cisi donde se logr\u00f3 la aprehensi\u00f3n de dos j\u00f3venes de [&hellip;]<\/p>\n","protected":false},"author":4,"featured_media":68206,"comment_status":"open","ping_status":"closed","sticky":false,"template":"","format":"standard","meta":{"om_disable_all_campaigns":false,"_jetpack_memberships_contains_paid_content":false,"footnotes":""},"categories":[2,103],"tags":[],"class_list":["post-87513","post","type-post","status-publish","format-standard","has-post-thumbnail","hentry","category-locales","category-policiales-locales"],"aioseo_notices":[],"gutentor_comment":0,"jetpack_featured_media_url":"https:\/\/eldiariodesanpedro.com.ar\/sitio\/wp-content\/uploads\/2020\/02\/SUJETOS-DETENIDOS.jpg","jetpack_shortlink":"https:\/\/wp.me\/p6RhLt-mLv","jetpack_sharing_enabled":true,"_links":{"self":[{"href":"https:\/\/eldiariodesanpedro.com.ar\/sitio\/wp-json\/wp\/v2\/posts\/87513","targetHints":{"allow":["GET"]}}],"collection":[{"href":"https:\/\/eldiariodesanpedro.com.ar\/sitio\/wp-json\/wp\/v2\/posts"}],"about":[{"href":"https:\/\/eldiariodesanpedro.com.ar\/sitio\/wp-json\/wp\/v2\/types\/post"}],"author":[{"embeddable":true,"href":"https:\/\/eldiariodesanpedro.com.ar\/sitio\/wp-json\/wp\/v2\/users\/4"}],"replies":[{"embeddable":true,"href":"https:\/\/eldiariodesanpedro.com.ar\/sitio\/wp-json\/wp\/v2\/comments?post=87513"}],"version-history":[{"count":1,"href":"https:\/\/eldiariodesanpedro.com.ar\/sitio\/wp-json\/wp\/v2\/posts\/87513\/revisions"}],"predecessor-version":[{"id":87514,"href":"https:\/\/eldiariodesanpedro.com.ar\/sitio\/wp-json\/wp\/v2\/posts\/87513\/revisions\/87514"}],"wp:featuredmedia":[{"embeddable":true,"href":"https:\/\/eldiariodesanpedro.com.ar\/sitio\/wp-json\/wp\/v2\/media\/68206"}],"wp:attachment":[{"href":"https:\/\/eldiariodesanpedro.com.ar\/sitio\/wp-json\/wp\/v2\/media?parent=87513"}],"wp:term":[{"taxonomy":"category","embeddable":true,"href":"https:\/\/eldiariodesanpedro.com.ar\/sitio\/wp-json\/wp\/v2\/categories?post=87513"},{"taxonomy":"post_tag","embeddable":true,"href":"https:\/\/eldiariodesanpedro.com.ar\/sitio\/wp-json\/wp\/v2\/tags?post=87513"}],"curies":[{"name":"wp","href":"https:\/\/api.w.org\/{rel}","templated":true}]}}