{"id":8751,"date":"2016-10-12T21:01:02","date_gmt":"2016-10-13T00:01:02","guid":{"rendered":"https:\/\/eldiariodesanpedro.com.ar\/sitio\/?p=8751"},"modified":"2016-10-12T21:01:02","modified_gmt":"2016-10-13T00:01:02","slug":"oportunidad-laboral-para-estudiantes-que-residan-en-rosario","status":"publish","type":"post","link":"https:\/\/eldiariodesanpedro.com.ar\/sitio\/oportunidad-laboral-para-estudiantes-que-residan-en-rosario\/","title":{"rendered":"Oportunidad laboral para estudiantes que residan en Rosario"},"content":{"rendered":"<p><!-- VideographyWP Plugin Message: Automatic video embedding prevented by plugin options. --><br \/>\nLa Oficina de Empleo municipal ha dado a conocer para aquellos sampedrinos que vivan en Rosario que una empresa de call center de la ciudad de Rosario se encuentra en la b\u00fasqueda de postulantes para el puesto de Telemarketer Para Venta Telef\u00f3nica.<br \/>\nEl trabajo es de medio tiempo, 6 horas diarias de lunes a viernes y sueldo es el b\u00e1sico de empleados de comercio m\u00e1s comisiones.<br \/>\nEst\u00e1 orientado a personas de 18 a 35 a\u00f1os, no es necesario contar con experiencia previa en el puesto. Preferentemente secundaria completa.<br \/>\nLa b\u00fasqueda est\u00e1 constantemente activa, as\u00ed que siempre que haya interesados pueden enviar sus cv al mail cv@easycall.com.ar<\/p>\n","protected":false},"excerpt":{"rendered":"<p>La Oficina de Empleo municipal ha dado a conocer para aquellos sampedrinos que vivan en Rosario que una empresa de call center de la ciudad de Rosario se encuentra en la b\u00fasqueda de postulantes para el puesto de Telemarketer Para Venta Telef\u00f3nica. El trabajo es de medio tiempo, 6 horas diarias de lunes a viernes [&hellip;]<\/p>\n","protected":false},"author":4,"featured_media":8752,"comment_status":"open","ping_status":"closed","sticky":false,"template":"","format":"standard","meta":{"om_disable_all_campaigns":false,"_jetpack_memberships_contains_paid_content":false,"footnotes":""},"categories":[101,2],"tags":[],"class_list":["post-8751","post","type-post","status-publish","format-standard","has-post-thumbnail","hentry","category-interes-general-locales","category-locales"],"aioseo_notices":[],"gutentor_comment":0,"jetpack_featured_media_url":"https:\/\/eldiariodesanpedro.com.ar\/sitio\/wp-content\/uploads\/2016\/10\/Argentina-Rosario-Monumento-Nacional-Bandera_CLAIMA20151110_0116_28.jpg","jetpack_shortlink":"https:\/\/wp.me\/p6RhLt-2h9","jetpack_sharing_enabled":true,"_links":{"self":[{"href":"https:\/\/eldiariodesanpedro.com.ar\/sitio\/wp-json\/wp\/v2\/posts\/8751","targetHints":{"allow":["GET"]}}],"collection":[{"href":"https:\/\/eldiariodesanpedro.com.ar\/sitio\/wp-json\/wp\/v2\/posts"}],"about":[{"href":"https:\/\/eldiariodesanpedro.com.ar\/sitio\/wp-json\/wp\/v2\/types\/post"}],"author":[{"embeddable":true,"href":"https:\/\/eldiariodesanpedro.com.ar\/sitio\/wp-json\/wp\/v2\/users\/4"}],"replies":[{"embeddable":true,"href":"https:\/\/eldiariodesanpedro.com.ar\/sitio\/wp-json\/wp\/v2\/comments?post=8751"}],"version-history":[{"count":1,"href":"https:\/\/eldiariodesanpedro.com.ar\/sitio\/wp-json\/wp\/v2\/posts\/8751\/revisions"}],"predecessor-version":[{"id":8753,"href":"https:\/\/eldiariodesanpedro.com.ar\/sitio\/wp-json\/wp\/v2\/posts\/8751\/revisions\/8753"}],"wp:featuredmedia":[{"embeddable":true,"href":"https:\/\/eldiariodesanpedro.com.ar\/sitio\/wp-json\/wp\/v2\/media\/8752"}],"wp:attachment":[{"href":"https:\/\/eldiariodesanpedro.com.ar\/sitio\/wp-json\/wp\/v2\/media?parent=8751"}],"wp:term":[{"taxonomy":"category","embeddable":true,"href":"https:\/\/eldiariodesanpedro.com.ar\/sitio\/wp-json\/wp\/v2\/categories?post=8751"},{"taxonomy":"post_tag","embeddable":true,"href":"https:\/\/eldiariodesanpedro.com.ar\/sitio\/wp-json\/wp\/v2\/tags?post=8751"}],"curies":[{"name":"wp","href":"https:\/\/api.w.org\/{rel}","templated":true}]}}