{"id":87509,"date":"2021-02-11T10:45:43","date_gmt":"2021-02-11T13:45:43","guid":{"rendered":"https:\/\/eldiariodesanpedro.com.ar\/sitio\/?p=87509"},"modified":"2021-02-11T10:45:49","modified_gmt":"2021-02-11T13:45:49","slug":"denuncia-por-danos-en-una-vivienda","status":"publish","type":"post","link":"https:\/\/eldiariodesanpedro.com.ar\/sitio\/denuncia-por-danos-en-una-vivienda\/","title":{"rendered":"Denuncia por da\u00f1os en una vivienda"},"content":{"rendered":"<!-- VideographyWP Plugin Message: Automatic video embedding prevented by plugin options. -->\n\n<p>Este jueves se recibi\u00f3 una denuncia en la comisar\u00eda local por parte de una ciudadana de 58 a\u00f1os donde declar\u00f3 haber sufrido da\u00f1os en su vivienda por parte de otra persona.<\/p>\n\n\n\n<p>El hecho sucedi\u00f3 en la tarde de ayer mi\u00e9rcoles en un domicilio ubicado en calle Cruz Roja Argentina y Balcarce donde se hace presente un masculino el cual el cual vocifera amenazas hac\u00eda propietario y causa da\u00f1os en electrodom\u00e9stico y aberturas.<\/p>\n","protected":false},"excerpt":{"rendered":"<p>Este jueves se recibi\u00f3 una denuncia en la comisar\u00eda local por parte de una ciudadana de 58 a\u00f1os donde declar\u00f3 haber sufrido da\u00f1os en su vivienda por parte de otra persona. El hecho sucedi\u00f3 en la tarde de ayer mi\u00e9rcoles en un domicilio ubicado en calle Cruz Roja Argentina y Balcarce donde se hace presente [&hellip;]<\/p>\n","protected":false},"author":4,"featured_media":77910,"comment_status":"open","ping_status":"closed","sticky":false,"template":"","format":"standard","meta":{"om_disable_all_campaigns":false,"_jetpack_memberships_contains_paid_content":false,"footnotes":""},"categories":[2,103],"tags":[],"class_list":["post-87509","post","type-post","status-publish","format-standard","has-post-thumbnail","hentry","category-locales","category-policiales-locales"],"aioseo_notices":[],"gutentor_comment":0,"jetpack_featured_media_url":"https:\/\/eldiariodesanpedro.com.ar\/sitio\/wp-content\/uploads\/2020\/07\/no_ssowqejple3k931nop1c56465t83uu31kc3o1tm219bh1_1_.jpg","jetpack_shortlink":"https:\/\/wp.me\/p6RhLt-mLr","jetpack_sharing_enabled":true,"_links":{"self":[{"href":"https:\/\/eldiariodesanpedro.com.ar\/sitio\/wp-json\/wp\/v2\/posts\/87509","targetHints":{"allow":["GET"]}}],"collection":[{"href":"https:\/\/eldiariodesanpedro.com.ar\/sitio\/wp-json\/wp\/v2\/posts"}],"about":[{"href":"https:\/\/eldiariodesanpedro.com.ar\/sitio\/wp-json\/wp\/v2\/types\/post"}],"author":[{"embeddable":true,"href":"https:\/\/eldiariodesanpedro.com.ar\/sitio\/wp-json\/wp\/v2\/users\/4"}],"replies":[{"embeddable":true,"href":"https:\/\/eldiariodesanpedro.com.ar\/sitio\/wp-json\/wp\/v2\/comments?post=87509"}],"version-history":[{"count":1,"href":"https:\/\/eldiariodesanpedro.com.ar\/sitio\/wp-json\/wp\/v2\/posts\/87509\/revisions"}],"predecessor-version":[{"id":87510,"href":"https:\/\/eldiariodesanpedro.com.ar\/sitio\/wp-json\/wp\/v2\/posts\/87509\/revisions\/87510"}],"wp:featuredmedia":[{"embeddable":true,"href":"https:\/\/eldiariodesanpedro.com.ar\/sitio\/wp-json\/wp\/v2\/media\/77910"}],"wp:attachment":[{"href":"https:\/\/eldiariodesanpedro.com.ar\/sitio\/wp-json\/wp\/v2\/media?parent=87509"}],"wp:term":[{"taxonomy":"category","embeddable":true,"href":"https:\/\/eldiariodesanpedro.com.ar\/sitio\/wp-json\/wp\/v2\/categories?post=87509"},{"taxonomy":"post_tag","embeddable":true,"href":"https:\/\/eldiariodesanpedro.com.ar\/sitio\/wp-json\/wp\/v2\/tags?post=87509"}],"curies":[{"name":"wp","href":"https:\/\/api.w.org\/{rel}","templated":true}]}}