{"id":87505,"date":"2021-02-11T10:36:31","date_gmt":"2021-02-11T13:36:31","guid":{"rendered":"https:\/\/eldiariodesanpedro.com.ar\/sitio\/?p=87505"},"modified":"2021-02-11T10:36:36","modified_gmt":"2021-02-11T13:36:36","slug":"visita-al-centro-de-desarrollo-infantil-de-gobernador-castro","status":"publish","type":"post","link":"https:\/\/eldiariodesanpedro.com.ar\/sitio\/visita-al-centro-de-desarrollo-infantil-de-gobernador-castro\/","title":{"rendered":"Visita al Centro de Desarrollo Infantil de Gobernador Castro"},"content":{"rendered":"<!-- VideographyWP Plugin Message: Automatic video embedding prevented by plugin options. -->\n\n<p>Funcionarios de la Secretar\u00eda de Turismo y Desarrollo Econ\u00f3mico visitaron el Centro de Desarrollo Infantil que crece en Gobernador Castro con varias iniciativas para sumar a j\u00f3venes de la localidad.<\/p>\n\n\n\n<p>All\u00ed la Secretaria de Turismo Marcela Cu\u00f1er, el Coordinador de Producci\u00f3n Hugo Ram\u00edrez y el Delegado Municipal Angel Alvarez visitaron a Juan Cruz Gajate, referente de Grito de Coraz\u00f3n, quien lleva adelante esta iniciativa que incluye una huerta agroecol\u00f3gica, clases de apoyo para los ni\u00f1os y ni\u00f1as, y talleres de reciclado.<\/p>\n\n\n\n<p>Desde la Municipalidad se brindar\u00e1 asistencia con materiales para que el proyecto siga creciendo para recibir y acompa\u00f1ar a los ni\u00f1os\/as y adolescentes de esa localidad.<\/p>\n\n\n\n<figure class=\"wp-block-image size-large\"><img decoding=\"async\" width=\"682\" height=\"1024\" data-attachment-id=\"87506\" data-permalink=\"https:\/\/eldiariodesanpedro.com.ar\/sitio\/visita-al-centro-de-desarrollo-infantil-de-gobernador-castro\/whatsapp-image-2021-02-11-at-10-11-27\/\" data-orig-file=\"https:\/\/eldiariodesanpedro.com.ar\/sitio\/wp-content\/uploads\/2021\/02\/WhatsApp-Image-2021-02-11-at-10.11.27.jpeg\" data-orig-size=\"853,1280\" data-comments-opened=\"1\" data-image-meta=\"{&quot;aperture&quot;:&quot;0&quot;,&quot;credit&quot;:&quot;&quot;,&quot;camera&quot;:&quot;&quot;,&quot;caption&quot;:&quot;&quot;,&quot;created_timestamp&quot;:&quot;0&quot;,&quot;copyright&quot;:&quot;&quot;,&quot;focal_length&quot;:&quot;0&quot;,&quot;iso&quot;:&quot;0&quot;,&quot;shutter_speed&quot;:&quot;0&quot;,&quot;title&quot;:&quot;&quot;,&quot;orientation&quot;:&quot;0&quot;}\" data-image-title=\"WhatsApp Image 2021-02-11 at 10.11.27\" data-image-description=\"\" data-image-caption=\"\" data-large-file=\"https:\/\/eldiariodesanpedro.com.ar\/sitio\/wp-content\/uploads\/2021\/02\/WhatsApp-Image-2021-02-11-at-10.11.27-682x1024.jpeg\" data-src=\"https:\/\/eldiariodesanpedro.com.ar\/sitio\/wp-content\/uploads\/2021\/02\/WhatsApp-Image-2021-02-11-at-10.11.27-682x1024.jpeg\" alt=\"\" class=\"wp-image-87506 lazyload\" data-srcset=\"https:\/\/eldiariodesanpedro.com.ar\/sitio\/wp-content\/uploads\/2021\/02\/WhatsApp-Image-2021-02-11-at-10.11.27-682x1024.jpeg 682w, https:\/\/eldiariodesanpedro.com.ar\/sitio\/wp-content\/uploads\/2021\/02\/WhatsApp-Image-2021-02-11-at-10.11.27-200x300.jpeg 200w, https:\/\/eldiariodesanpedro.com.ar\/sitio\/wp-content\/uploads\/2021\/02\/WhatsApp-Image-2021-02-11-at-10.11.27-768x1152.jpeg 768w, https:\/\/eldiariodesanpedro.com.ar\/sitio\/wp-content\/uploads\/2021\/02\/WhatsApp-Image-2021-02-11-at-10.11.27.jpeg 853w\" data-sizes=\"(max-width: 682px) 100vw, 682px\" src=\"data:image\/svg+xml;base64,PHN2ZyB3aWR0aD0iMSIgaGVpZ2h0PSIxIiB4bWxucz0iaHR0cDovL3d3dy53My5vcmcvMjAwMC9zdmciPjwvc3ZnPg==\" style=\"--smush-placeholder-width: 682px; --smush-placeholder-aspect-ratio: 682\/1024;\" \/><\/figure>\n","protected":false},"excerpt":{"rendered":"<p>Funcionarios de la Secretar\u00eda de Turismo y Desarrollo Econ\u00f3mico visitaron el Centro de Desarrollo Infantil que crece en Gobernador Castro con varias iniciativas para sumar a j\u00f3venes de la localidad. All\u00ed la Secretaria de Turismo Marcela Cu\u00f1er, el Coordinador de Producci\u00f3n Hugo Ram\u00edrez y el Delegado Municipal Angel Alvarez visitaron a Juan Cruz Gajate, referente [&hellip;]<\/p>\n","protected":false},"author":4,"featured_media":87507,"comment_status":"open","ping_status":"closed","sticky":false,"template":"","format":"standard","meta":{"om_disable_all_campaigns":false,"_jetpack_memberships_contains_paid_content":false,"footnotes":""},"categories":[101,2],"tags":[],"class_list":["post-87505","post","type-post","status-publish","format-standard","has-post-thumbnail","hentry","category-interes-general-locales","category-locales"],"aioseo_notices":[],"gutentor_comment":0,"jetpack_featured_media_url":"https:\/\/eldiariodesanpedro.com.ar\/sitio\/wp-content\/uploads\/2021\/02\/WhatsApp-Image-2021-02-11-at-10.11.28.jpeg","jetpack_shortlink":"https:\/\/wp.me\/p6RhLt-mLn","jetpack_sharing_enabled":true,"_links":{"self":[{"href":"https:\/\/eldiariodesanpedro.com.ar\/sitio\/wp-json\/wp\/v2\/posts\/87505","targetHints":{"allow":["GET"]}}],"collection":[{"href":"https:\/\/eldiariodesanpedro.com.ar\/sitio\/wp-json\/wp\/v2\/posts"}],"about":[{"href":"https:\/\/eldiariodesanpedro.com.ar\/sitio\/wp-json\/wp\/v2\/types\/post"}],"author":[{"embeddable":true,"href":"https:\/\/eldiariodesanpedro.com.ar\/sitio\/wp-json\/wp\/v2\/users\/4"}],"replies":[{"embeddable":true,"href":"https:\/\/eldiariodesanpedro.com.ar\/sitio\/wp-json\/wp\/v2\/comments?post=87505"}],"version-history":[{"count":1,"href":"https:\/\/eldiariodesanpedro.com.ar\/sitio\/wp-json\/wp\/v2\/posts\/87505\/revisions"}],"predecessor-version":[{"id":87508,"href":"https:\/\/eldiariodesanpedro.com.ar\/sitio\/wp-json\/wp\/v2\/posts\/87505\/revisions\/87508"}],"wp:featuredmedia":[{"embeddable":true,"href":"https:\/\/eldiariodesanpedro.com.ar\/sitio\/wp-json\/wp\/v2\/media\/87507"}],"wp:attachment":[{"href":"https:\/\/eldiariodesanpedro.com.ar\/sitio\/wp-json\/wp\/v2\/media?parent=87505"}],"wp:term":[{"taxonomy":"category","embeddable":true,"href":"https:\/\/eldiariodesanpedro.com.ar\/sitio\/wp-json\/wp\/v2\/categories?post=87505"},{"taxonomy":"post_tag","embeddable":true,"href":"https:\/\/eldiariodesanpedro.com.ar\/sitio\/wp-json\/wp\/v2\/tags?post=87505"}],"curies":[{"name":"wp","href":"https:\/\/api.w.org\/{rel}","templated":true}]}}