{"id":87502,"date":"2021-02-11T10:29:50","date_gmt":"2021-02-11T13:29:50","guid":{"rendered":"https:\/\/eldiariodesanpedro.com.ar\/sitio\/?p=87502"},"modified":"2021-02-11T10:29:54","modified_gmt":"2021-02-11T13:29:54","slug":"la-justicia-nego-la-excarcelacion-de-lovera-y-andrade","status":"publish","type":"post","link":"https:\/\/eldiariodesanpedro.com.ar\/sitio\/la-justicia-nego-la-excarcelacion-de-lovera-y-andrade\/","title":{"rendered":"La justicia neg\u00f3 la excarcelaci\u00f3n de Lovera y Andrade"},"content":{"rendered":"<!-- VideographyWP Plugin Message: Automatic video embedding prevented by plugin options. -->\n\n<p>Este mi\u00e9rcoles los dos detenidos por la venta de estupefacientes y organizaci\u00f3n delictiva en zona rural realizaron un pedido de excarcelaci\u00f3n que fue negado por el magistrado.<\/p>\n\n\n\n<p>Recordemos que la semana pasada la Delegaci\u00f3n Departamental de Investigaciones del Tr\u00e1fico de Drogas Il\u00edcitas y Crimen Organizado, San Nicol\u00e1s realizo varios allanamientos en nuestra ciudad donde dem\u00e1s ten\u00edan la orden de detenci\u00f3n de Mat\u00edas Lovera de 40 a\u00f1os y Mat\u00edas Andrade de 36\u00a0quienes estaban acusado de venta al menudeo de estupefacientes y adem\u00e1s de liderar una banda que asaltaba personas mayores en la zona rural de nuestra ciudad.<\/p>\n\n\n\n<p>El abogado de los detenidos presento un pedido de excarcelaci\u00f3n que fue negado por el juzgado teniendo en cuenta que hasta el momento tienen las pruebas suficientes para permanecer detenidos por lo menos estos primero 20 d\u00edas donde se le determinara si continuaran o no con prisi\u00f3n preventiva.<\/p>\n\n\n\n<p>La causa contiene 9 meses de investigaci\u00f3n y mas de 3000 horas de escucha donde claramente se pudo determinar que los dos acusados lideraban una banda de venta de estupefacientes y adem\u00e1s realizaban entraderas en casas de la zona rural donde la polic\u00eda tardaba en responder.<\/p>\n","protected":false},"excerpt":{"rendered":"<p>Este mi\u00e9rcoles los dos detenidos por la venta de estupefacientes y organizaci\u00f3n delictiva en zona rural realizaron un pedido de excarcelaci\u00f3n que fue negado por el magistrado. Recordemos que la semana pasada la Delegaci\u00f3n Departamental de Investigaciones del Tr\u00e1fico de Drogas Il\u00edcitas y Crimen Organizado, San Nicol\u00e1s realizo varios allanamientos en nuestra ciudad donde dem\u00e1s [&hellip;]<\/p>\n","protected":false},"author":4,"featured_media":87503,"comment_status":"open","ping_status":"closed","sticky":false,"template":"","format":"standard","meta":{"om_disable_all_campaigns":false,"_jetpack_memberships_contains_paid_content":false,"footnotes":""},"categories":[50,2,103],"tags":[],"class_list":["post-87502","post","type-post","status-publish","format-standard","has-post-thumbnail","hentry","category-destacadas","category-locales","category-policiales-locales"],"aioseo_notices":[],"gutentor_comment":0,"jetpack_featured_media_url":"https:\/\/eldiariodesanpedro.com.ar\/sitio\/wp-content\/uploads\/2021\/02\/detenidos-e1613050152468.jpg","jetpack_shortlink":"https:\/\/wp.me\/p6RhLt-mLk","jetpack_sharing_enabled":true,"_links":{"self":[{"href":"https:\/\/eldiariodesanpedro.com.ar\/sitio\/wp-json\/wp\/v2\/posts\/87502","targetHints":{"allow":["GET"]}}],"collection":[{"href":"https:\/\/eldiariodesanpedro.com.ar\/sitio\/wp-json\/wp\/v2\/posts"}],"about":[{"href":"https:\/\/eldiariodesanpedro.com.ar\/sitio\/wp-json\/wp\/v2\/types\/post"}],"author":[{"embeddable":true,"href":"https:\/\/eldiariodesanpedro.com.ar\/sitio\/wp-json\/wp\/v2\/users\/4"}],"replies":[{"embeddable":true,"href":"https:\/\/eldiariodesanpedro.com.ar\/sitio\/wp-json\/wp\/v2\/comments?post=87502"}],"version-history":[{"count":1,"href":"https:\/\/eldiariodesanpedro.com.ar\/sitio\/wp-json\/wp\/v2\/posts\/87502\/revisions"}],"predecessor-version":[{"id":87504,"href":"https:\/\/eldiariodesanpedro.com.ar\/sitio\/wp-json\/wp\/v2\/posts\/87502\/revisions\/87504"}],"wp:featuredmedia":[{"embeddable":true,"href":"https:\/\/eldiariodesanpedro.com.ar\/sitio\/wp-json\/wp\/v2\/media\/87503"}],"wp:attachment":[{"href":"https:\/\/eldiariodesanpedro.com.ar\/sitio\/wp-json\/wp\/v2\/media?parent=87502"}],"wp:term":[{"taxonomy":"category","embeddable":true,"href":"https:\/\/eldiariodesanpedro.com.ar\/sitio\/wp-json\/wp\/v2\/categories?post=87502"},{"taxonomy":"post_tag","embeddable":true,"href":"https:\/\/eldiariodesanpedro.com.ar\/sitio\/wp-json\/wp\/v2\/tags?post=87502"}],"curies":[{"name":"wp","href":"https:\/\/api.w.org\/{rel}","templated":true}]}}