{"id":87498,"date":"2021-02-11T10:04:53","date_gmt":"2021-02-11T13:04:53","guid":{"rendered":"https:\/\/eldiariodesanpedro.com.ar\/sitio\/?p=87498"},"modified":"2021-02-11T10:04:57","modified_gmt":"2021-02-11T13:04:57","slug":"15-millones-para-refacciones-en-el-gimnasio-y-el-estadio-municipal-por-el-programa-clubes-en-obra","status":"publish","type":"post","link":"https:\/\/eldiariodesanpedro.com.ar\/sitio\/15-millones-para-refacciones-en-el-gimnasio-y-el-estadio-municipal-por-el-programa-clubes-en-obra\/","title":{"rendered":"15 millones para refacciones en el gimnasio y el Estadio Municipal por el Programa Clubes en Obra"},"content":{"rendered":"<!-- VideographyWP Plugin Message: Automatic video embedding prevented by plugin options. -->\n\n<p>La Municipalidad de San Pedro informa que el pasado martes 9 de febrero se firm\u00f3 en el Ministerio de Turismo y Deportes de la Naci\u00f3n, la Resoluci\u00f3n N\u00ba 2021-36, a trav\u00e9s de la cual se otorga un presupuesto de 15 millones de pesos para la ejecuci\u00f3n de una nueva etapa de reformas en el complejo del Estadio Municipal de San Pedro.<\/p>\n\n\n\n<p>En el marco de lo que dispone la Ley del Deporte N\u00b0 20.655, el Ministerio que conduce Mart\u00edn Lammens, resolvi\u00f3 brindar la asistencia requerida desde la Direcci\u00f3n de Deportes de San Pedro a trav\u00e9s de un proyecto elevado desde la Secretar\u00eda de Obras P\u00fablicas.<\/p>\n\n\n\n<p>Previamente el Intendente Salazar ya hab\u00eda realizado gestiones ante el Ministro quien visit\u00f3 el Estadio hace algunos a\u00f1os y entabl\u00f3 un excelente v\u00ednculo con el jefe comunal.<\/p>\n\n\n\n<p>La presentaci\u00f3n realizada desde la Direcci\u00f3n de Deportes a cargo de Ramiro S\u00e1nchez Negrete, solicit\u00f3 fondos para mejorar la infraestructura general del Estadio, con el prop\u00f3sito de continuar con el proceso de recuperaci\u00f3n que comenz\u00f3 en la gesti\u00f3n del Intendente Salazar con fondos municipales, en diferentes espacios que acumulaban un largo tiempo sin el adecuado mantenimiento.<\/p>\n\n\n\n<p>En el expediente elevado se brind\u00f3 un informe detallado de las necesidades, especialmente en el gimnasio cubierto que presentaba filtraciones y deterioro en su piso deportivo.<\/p>\n\n\n\n<p>Adem\u00e1s se plantearon etapas para la construcci\u00f3n de nuevos accesos, un cerramiento perimetral, la construcci\u00f3n de una nueva oficina para la Direcci\u00f3n de Deportes, una garita de seguridad para controlar la zona, un espacio para resguardo de maquinaria y materiales y nuevos senderos de circulaci\u00f3n interna.<\/p>\n\n\n\n<p>Por calle Casella, se proponen dos accesos, uno en cada extremo de la manzana, que cumplir\u00edan con diferentes funciones; un acceso con boleter\u00eda al lado del bloque del gimnasio cubierto, que pueda servir a \u00e9ste para la venta de entradas de alg\u00fan evento que all\u00ed se realice, m\u00e1s un acceso directo a las tribunas y a la cancha de f\u00fatbol.<\/p>\n\n\n\n<p>La primera etapa del proyecto para la que han sido otorgados los 15 millones de pesos del programa \u00abClubes en Obra\u00bb, incluye la demolici\u00f3n de las construcciones actuales y la construcci\u00f3n del ingreso y ba\u00f1os por calle Bozzano sobre una superficie de 120 metros cuadrados con nuevas instalaciones de agua y electricidad y la colocaci\u00f3n de nuevos portones.<\/p>\n\n\n\n<p>De la misma forma se proceder\u00e1 con el ingreso y boleter\u00eda por calle Casella con una superficie de 70 metros cuadrados.<\/p>\n\n\n\n<p>En el gimnasio se cotiz\u00f3 el cambio de la superficie y para ello se desmantelar\u00e1 la totalidad del piso de parquet existente en toda la superficie del gimnasio cubierto (1230m2).<\/p>\n\n\n\n<p>El proyecto general, no comprendido en este presupuesto, contempla para etapas siguientes la continuidad del cerramiento de chapas y reformas en las fachadas de los accesos por calle Mitre y calle Belgrano.<\/p>\n\n\n\n<p>Adem\u00e1s las tareas de mantenimiento necesarias alcanzan a la tribuna cubierta, un nuevo cerramiento y mantenimiento de las piscinas, un nuevo play\u00f3n deportivo, reemplazo de mesas y sillas de cemento y parquizaci\u00f3n en los sectores de descanso.<\/p>\n\n\n\n<p>Cabe destacar que en un a\u00f1o normal esta infraestructura recibe el funcionamiento del CEF N\u00b014 con una matr\u00edcula 2317 alumnos y alumnas, siete instituciones educativas que cuentan con alrededor de 950 alumnos y la Escuela Municipal de Deportes Adaptados, llegando a un aproximado de 3267 alumnos.<\/p>\n\n\n\n<p>En los pr\u00f3ximos d\u00edas se iniciar\u00e1 desde el \u00e1rea de Obras P\u00fablicas la gesti\u00f3n de las licitaciones para el inicio de las obras que ser\u00e1n monitoreadas por un nuevo titular de la Direcci\u00f3n de Deportes. La aprobaci\u00f3n de este proyecto coincide con el alejamiento del Profesor Ramiro S\u00e1nchez Negrete quien expres\u00f3 su satisfacci\u00f3n por haber logrado que todo el relevamiento realizado haya rendido sus frutos, generando una perspectiva muy alentadora para el Profesor Mariano Arnal que pr\u00f3ximamente se har\u00e1 cargo del \u00e1rea.<\/p>\n\n\n\n<figure class=\"wp-block-image size-large\"><img decoding=\"async\" width=\"750\" height=\"516\" data-attachment-id=\"87499\" data-permalink=\"https:\/\/eldiariodesanpedro.com.ar\/sitio\/15-millones-para-refacciones-en-el-gimnasio-y-el-estadio-municipal-por-el-programa-clubes-en-obra\/whatsapp-image-2021-02-11-at-09-46-02-1\/\" data-orig-file=\"https:\/\/eldiariodesanpedro.com.ar\/sitio\/wp-content\/uploads\/2021\/02\/WhatsApp-Image-2021-02-11-at-09.46.02-1.jpeg\" data-orig-size=\"750,516\" data-comments-opened=\"1\" data-image-meta=\"{&quot;aperture&quot;:&quot;0&quot;,&quot;credit&quot;:&quot;&quot;,&quot;camera&quot;:&quot;&quot;,&quot;caption&quot;:&quot;&quot;,&quot;created_timestamp&quot;:&quot;0&quot;,&quot;copyright&quot;:&quot;&quot;,&quot;focal_length&quot;:&quot;0&quot;,&quot;iso&quot;:&quot;0&quot;,&quot;shutter_speed&quot;:&quot;0&quot;,&quot;title&quot;:&quot;&quot;,&quot;orientation&quot;:&quot;0&quot;}\" data-image-title=\"WhatsApp Image 2021-02-11 at 09.46.02 (1)\" data-image-description=\"\" data-image-caption=\"\" data-large-file=\"https:\/\/eldiariodesanpedro.com.ar\/sitio\/wp-content\/uploads\/2021\/02\/WhatsApp-Image-2021-02-11-at-09.46.02-1.jpeg\" data-src=\"https:\/\/eldiariodesanpedro.com.ar\/sitio\/wp-content\/uploads\/2021\/02\/WhatsApp-Image-2021-02-11-at-09.46.02-1.jpeg\" alt=\"\" class=\"wp-image-87499 lazyload\" data-srcset=\"https:\/\/eldiariodesanpedro.com.ar\/sitio\/wp-content\/uploads\/2021\/02\/WhatsApp-Image-2021-02-11-at-09.46.02-1.jpeg 750w, https:\/\/eldiariodesanpedro.com.ar\/sitio\/wp-content\/uploads\/2021\/02\/WhatsApp-Image-2021-02-11-at-09.46.02-1-300x206.jpeg 300w\" data-sizes=\"(max-width: 750px) 100vw, 750px\" src=\"data:image\/svg+xml;base64,PHN2ZyB3aWR0aD0iMSIgaGVpZ2h0PSIxIiB4bWxucz0iaHR0cDovL3d3dy53My5vcmcvMjAwMC9zdmciPjwvc3ZnPg==\" style=\"--smush-placeholder-width: 750px; --smush-placeholder-aspect-ratio: 750\/516;\" \/><\/figure>\n","protected":false},"excerpt":{"rendered":"<p>La Municipalidad de San Pedro informa que el pasado martes 9 de febrero se firm\u00f3 en el Ministerio de Turismo y Deportes de la Naci\u00f3n, la Resoluci\u00f3n N\u00ba 2021-36, a trav\u00e9s de la cual se otorga un presupuesto de 15 millones de pesos para la ejecuci\u00f3n de una nueva etapa de reformas en el complejo [&hellip;]<\/p>\n","protected":false},"author":4,"featured_media":87500,"comment_status":"open","ping_status":"closed","sticky":false,"template":"","format":"standard","meta":{"om_disable_all_campaigns":false,"_jetpack_memberships_contains_paid_content":false,"footnotes":""},"categories":[50,101,2],"tags":[],"class_list":["post-87498","post","type-post","status-publish","format-standard","has-post-thumbnail","hentry","category-destacadas","category-interes-general-locales","category-locales"],"aioseo_notices":[],"gutentor_comment":0,"jetpack_featured_media_url":"https:\/\/eldiariodesanpedro.com.ar\/sitio\/wp-content\/uploads\/2021\/02\/WhatsApp-Image-2021-02-11-at-09.46.02.jpeg","jetpack_shortlink":"https:\/\/wp.me\/p6RhLt-mLg","jetpack_sharing_enabled":true,"_links":{"self":[{"href":"https:\/\/eldiariodesanpedro.com.ar\/sitio\/wp-json\/wp\/v2\/posts\/87498","targetHints":{"allow":["GET"]}}],"collection":[{"href":"https:\/\/eldiariodesanpedro.com.ar\/sitio\/wp-json\/wp\/v2\/posts"}],"about":[{"href":"https:\/\/eldiariodesanpedro.com.ar\/sitio\/wp-json\/wp\/v2\/types\/post"}],"author":[{"embeddable":true,"href":"https:\/\/eldiariodesanpedro.com.ar\/sitio\/wp-json\/wp\/v2\/users\/4"}],"replies":[{"embeddable":true,"href":"https:\/\/eldiariodesanpedro.com.ar\/sitio\/wp-json\/wp\/v2\/comments?post=87498"}],"version-history":[{"count":1,"href":"https:\/\/eldiariodesanpedro.com.ar\/sitio\/wp-json\/wp\/v2\/posts\/87498\/revisions"}],"predecessor-version":[{"id":87501,"href":"https:\/\/eldiariodesanpedro.com.ar\/sitio\/wp-json\/wp\/v2\/posts\/87498\/revisions\/87501"}],"wp:featuredmedia":[{"embeddable":true,"href":"https:\/\/eldiariodesanpedro.com.ar\/sitio\/wp-json\/wp\/v2\/media\/87500"}],"wp:attachment":[{"href":"https:\/\/eldiariodesanpedro.com.ar\/sitio\/wp-json\/wp\/v2\/media?parent=87498"}],"wp:term":[{"taxonomy":"category","embeddable":true,"href":"https:\/\/eldiariodesanpedro.com.ar\/sitio\/wp-json\/wp\/v2\/categories?post=87498"},{"taxonomy":"post_tag","embeddable":true,"href":"https:\/\/eldiariodesanpedro.com.ar\/sitio\/wp-json\/wp\/v2\/tags?post=87498"}],"curies":[{"name":"wp","href":"https:\/\/api.w.org\/{rel}","templated":true}]}}