{"id":87493,"date":"2021-02-11T10:01:28","date_gmt":"2021-02-11T13:01:28","guid":{"rendered":"https:\/\/eldiariodesanpedro.com.ar\/sitio\/?p=87493"},"modified":"2021-02-11T10:01:29","modified_gmt":"2021-02-11T13:01:29","slug":"la-oficina-de-empleo-en-vuelta-de-obligado","status":"publish","type":"post","link":"https:\/\/eldiariodesanpedro.com.ar\/sitio\/la-oficina-de-empleo-en-vuelta-de-obligado\/","title":{"rendered":"La Oficina de Empleo en Vuelta de Obligado"},"content":{"rendered":"<!-- VideographyWP Plugin Message: Automatic video embedding prevented by plugin options. -->\n\n<p>El equipo de la Oficina de Empleo de la Secretar\u00eda de Desarrollo Econ\u00f3mico instal\u00f3 este mi\u00e9rcoles un punto de atenci\u00f3n para los vecinos de Vuelta de Obligado. Junto al Delegado de la localidad Hugo Borda, el equipo de Desarrollo Econ\u00f3mico y de la Red de Empleo recibi\u00f3 consultas y registr\u00f3 a los interesados en los diferentes programas.<\/p>\n\n\n\n<p>El 23 de febrero se instalar\u00e1 en R\u00edo Tala y el 24 de febrero en Santa Luc\u00eda, siempre en el horario de 9 a 13.<\/p>\n","protected":false},"excerpt":{"rendered":"<p>El equipo de la Oficina de Empleo de la Secretar\u00eda de Desarrollo Econ\u00f3mico instal\u00f3 este mi\u00e9rcoles un punto de atenci\u00f3n para los vecinos de Vuelta de Obligado. Junto al Delegado de la localidad Hugo Borda, el equipo de Desarrollo Econ\u00f3mico y de la Red de Empleo recibi\u00f3 consultas y registr\u00f3 a los interesados en los [&hellip;]<\/p>\n","protected":false},"author":4,"featured_media":87494,"comment_status":"open","ping_status":"closed","sticky":false,"template":"","format":"standard","meta":{"om_disable_all_campaigns":false,"_jetpack_memberships_contains_paid_content":false,"footnotes":""},"categories":[101,2],"tags":[],"class_list":["post-87493","post","type-post","status-publish","format-standard","has-post-thumbnail","hentry","category-interes-general-locales","category-locales"],"aioseo_notices":[],"gutentor_comment":0,"jetpack_featured_media_url":"https:\/\/eldiariodesanpedro.com.ar\/sitio\/wp-content\/uploads\/2021\/02\/WhatsApp-Image-2021-02-11-at-08.57.36.jpeg","jetpack_shortlink":"https:\/\/wp.me\/p6RhLt-mLb","jetpack_sharing_enabled":true,"_links":{"self":[{"href":"https:\/\/eldiariodesanpedro.com.ar\/sitio\/wp-json\/wp\/v2\/posts\/87493","targetHints":{"allow":["GET"]}}],"collection":[{"href":"https:\/\/eldiariodesanpedro.com.ar\/sitio\/wp-json\/wp\/v2\/posts"}],"about":[{"href":"https:\/\/eldiariodesanpedro.com.ar\/sitio\/wp-json\/wp\/v2\/types\/post"}],"author":[{"embeddable":true,"href":"https:\/\/eldiariodesanpedro.com.ar\/sitio\/wp-json\/wp\/v2\/users\/4"}],"replies":[{"embeddable":true,"href":"https:\/\/eldiariodesanpedro.com.ar\/sitio\/wp-json\/wp\/v2\/comments?post=87493"}],"version-history":[{"count":1,"href":"https:\/\/eldiariodesanpedro.com.ar\/sitio\/wp-json\/wp\/v2\/posts\/87493\/revisions"}],"predecessor-version":[{"id":87497,"href":"https:\/\/eldiariodesanpedro.com.ar\/sitio\/wp-json\/wp\/v2\/posts\/87493\/revisions\/87497"}],"wp:featuredmedia":[{"embeddable":true,"href":"https:\/\/eldiariodesanpedro.com.ar\/sitio\/wp-json\/wp\/v2\/media\/87494"}],"wp:attachment":[{"href":"https:\/\/eldiariodesanpedro.com.ar\/sitio\/wp-json\/wp\/v2\/media?parent=87493"}],"wp:term":[{"taxonomy":"category","embeddable":true,"href":"https:\/\/eldiariodesanpedro.com.ar\/sitio\/wp-json\/wp\/v2\/categories?post=87493"},{"taxonomy":"post_tag","embeddable":true,"href":"https:\/\/eldiariodesanpedro.com.ar\/sitio\/wp-json\/wp\/v2\/tags?post=87493"}],"curies":[{"name":"wp","href":"https:\/\/api.w.org\/{rel}","templated":true}]}}