{"id":87487,"date":"2021-02-10T20:38:21","date_gmt":"2021-02-10T23:38:21","guid":{"rendered":"https:\/\/eldiariodesanpedro.com.ar\/sitio\/?p=87487"},"modified":"2021-02-10T20:38:24","modified_gmt":"2021-02-10T23:38:24","slug":"rojas-femicidio-de-ursula-bahillo-intervinieron-la-comisaria-local-y-la-de-la-mujer","status":"publish","type":"post","link":"https:\/\/eldiariodesanpedro.com.ar\/sitio\/rojas-femicidio-de-ursula-bahillo-intervinieron-la-comisaria-local-y-la-de-la-mujer\/","title":{"rendered":"ROJAS | Femicidio de \u00darsula Bahillo: intervinieron la comisar\u00eda local y la de la Mujer"},"content":{"rendered":"<!-- VideographyWP Plugin Message: Automatic video embedding prevented by plugin options. -->\n\n<p>Lo dispusieron el ministro de Seguridad bonaerense, Sergio Berni, y el jefe de la polic\u00eda de la provincia, comisario general Daniel Garc\u00eda. La \u00faltima vez que \u00darsula quiso ir a denunciar al ahora femicida por la violaci\u00f3n de la perimetral le dijeron que \u00abno trabajaban el fin de semana\u00bb.<\/p>\n\n\n\n<p>El ministro de Seguridad bonaerense,&nbsp;Sergio Berni, y el jefe de la polic\u00eda de la provincia, comisario general&nbsp;Daniel Garc\u00eda, dispusieron la intervenci\u00f3n tanto de la seccional local como de la Comisar\u00eda de la Mujer de la ciudad de Rojas, mientras que Asuntos Internos trabaja en \u00abauditor\u00edas preventivas\u00bb, a ra\u00edz del&nbsp;femicidio&nbsp;de&nbsp;\u00darsula Bahillo&nbsp;y los posteriores incidentes, informaron fuentes ministeriales y de la fuerza.<\/p>\n\n\n\n<p>\u00abDesde el primer momento se intervino la comisar\u00eda y se iniciaron las tramitaciones de Asuntos Internos por sobre cada uno de los actores y est\u00e1n las actuaciones a la orden del d\u00eda y se van a ir tomando las medidas que se consideren minuto a minuto\u00bb, dijo un vocero del Ministerio de Seguridad bonaerense.<\/p>\n\n\n\n<p>Por orden de Garc\u00eda, tanto el superintendente de la Regi\u00f3n Interior Norte II, comisario general Jorge Monfort, como la superintendente de Pol\u00edticas de G\u00e9nero, la comisaria mayor Sonia Luj\u00e1n Zampelunghe, se instalaron en Rojas para que el primero tome el mando de la comisar\u00eda local y la segunda, la de la Mujer.<\/p>\n\n\n\n<p>Adem\u00e1s, el auditor general de Asuntos Internos, Dar\u00edo Ricardo D\u00edaz, mand\u00f3 una comitiva a Rojas para hacer \u00abauditor\u00edas preventivas\u00bb en ambas dependencias.<\/p>\n\n\n\n<p>\u00abLos auditores volvieron a las 6 de la ma\u00f1ana de hoy a La Plata. Una vez concluidas las tareas administrativas, se tomar\u00e1n las sanciones disciplinarias que correspondan\u00bb, dijo el vocero consultado.<\/p>\n\n\n\n<p>Asuntos Internos puso el foco no s\u00f3lo en los incidentes producidos el lunes por la noche cuando&nbsp;hubo destrozos, represi\u00f3n y disparos de balas de goma&nbsp;frente a la comisar\u00eda cuando manifestantes reclamaban justicia por \u00darsula, sino tambi\u00e9n en la actuaci\u00f3n de la Comisar\u00eda de la Mujer en las denuncias que hab\u00eda formulado o querido realizar \u00darsula en esa dependencia.<\/p>\n\n\n\n<p>Es que ayer, Patricia, la madre de la v\u00edctima, cont\u00f3 que la \u00faltima vez que \u00darsula quiso ir a denunciar al imputado, el polic\u00eda\u00a0Mat\u00edas Ezequiel Mart\u00ednez\u00a0(25), por\u00a0la violaci\u00f3n de la perimetral, le dijeron a su hija que \u00abno trabajaban el fin de semana\u00bb.<\/p>\n\n\n\n<p>Fuente: <a href=\"https:\/\/www.ambito.com\/\">Ambito<\/a><\/p>\n","protected":false},"excerpt":{"rendered":"<p>Lo dispusieron el ministro de Seguridad bonaerense, Sergio Berni, y el jefe de la polic\u00eda de la provincia, comisario general Daniel Garc\u00eda. La \u00faltima vez que \u00darsula quiso ir a denunciar al ahora femicida por la violaci\u00f3n de la perimetral le dijeron que \u00abno trabajaban el fin de semana\u00bb. El ministro de Seguridad bonaerense,&nbsp;Sergio Berni, [&hellip;]<\/p>\n","protected":false},"author":4,"featured_media":87488,"comment_status":"open","ping_status":"closed","sticky":false,"template":"","format":"standard","meta":{"om_disable_all_campaigns":false,"_jetpack_memberships_contains_paid_content":false,"footnotes":""},"categories":[621],"tags":[],"class_list":["post-87487","post","type-post","status-publish","format-standard","has-post-thumbnail","hentry","category-regionales"],"aioseo_notices":[],"gutentor_comment":0,"jetpack_featured_media_url":"https:\/\/eldiariodesanpedro.com.ar\/sitio\/wp-content\/uploads\/2021\/02\/ursula-bahillo-y-su-femicida-matias-ezequiel-martinez.jpg","jetpack_shortlink":"https:\/\/wp.me\/p6RhLt-mL5","jetpack_sharing_enabled":true,"_links":{"self":[{"href":"https:\/\/eldiariodesanpedro.com.ar\/sitio\/wp-json\/wp\/v2\/posts\/87487","targetHints":{"allow":["GET"]}}],"collection":[{"href":"https:\/\/eldiariodesanpedro.com.ar\/sitio\/wp-json\/wp\/v2\/posts"}],"about":[{"href":"https:\/\/eldiariodesanpedro.com.ar\/sitio\/wp-json\/wp\/v2\/types\/post"}],"author":[{"embeddable":true,"href":"https:\/\/eldiariodesanpedro.com.ar\/sitio\/wp-json\/wp\/v2\/users\/4"}],"replies":[{"embeddable":true,"href":"https:\/\/eldiariodesanpedro.com.ar\/sitio\/wp-json\/wp\/v2\/comments?post=87487"}],"version-history":[{"count":1,"href":"https:\/\/eldiariodesanpedro.com.ar\/sitio\/wp-json\/wp\/v2\/posts\/87487\/revisions"}],"predecessor-version":[{"id":87489,"href":"https:\/\/eldiariodesanpedro.com.ar\/sitio\/wp-json\/wp\/v2\/posts\/87487\/revisions\/87489"}],"wp:featuredmedia":[{"embeddable":true,"href":"https:\/\/eldiariodesanpedro.com.ar\/sitio\/wp-json\/wp\/v2\/media\/87488"}],"wp:attachment":[{"href":"https:\/\/eldiariodesanpedro.com.ar\/sitio\/wp-json\/wp\/v2\/media?parent=87487"}],"wp:term":[{"taxonomy":"category","embeddable":true,"href":"https:\/\/eldiariodesanpedro.com.ar\/sitio\/wp-json\/wp\/v2\/categories?post=87487"},{"taxonomy":"post_tag","embeddable":true,"href":"https:\/\/eldiariodesanpedro.com.ar\/sitio\/wp-json\/wp\/v2\/tags?post=87487"}],"curies":[{"name":"wp","href":"https:\/\/api.w.org\/{rel}","templated":true}]}}