{"id":8748,"date":"2016-10-12T20:58:53","date_gmt":"2016-10-12T23:58:53","guid":{"rendered":"https:\/\/eldiariodesanpedro.com.ar\/sitio\/?p=8748"},"modified":"2016-10-12T20:58:53","modified_gmt":"2016-10-12T23:58:53","slug":"dan-a-conocer-detalles-de-la-38a-edicion-del-certamen-de-seleccion-de-nuevos-valores-pre-cosquin","status":"publish","type":"post","link":"https:\/\/eldiariodesanpedro.com.ar\/sitio\/dan-a-conocer-detalles-de-la-38a-edicion-del-certamen-de-seleccion-de-nuevos-valores-pre-cosquin\/","title":{"rendered":"Dan a conocer detalles de la 38\u00aa edici\u00f3n del Certamen de Selecci\u00f3n de Nuevos Valores Pre -Cosqu\u00edn"},"content":{"rendered":"<p><!-- VideographyWP Plugin Message: Automatic video embedding prevented by plugin options. --><br \/>\nEl Municipio de Villa Constituci\u00f3n, a trav\u00e9s de la Direcci\u00f3n de Turismo, Tiempo Libre y Recreaci\u00f3n hace saber que los d\u00edas viernes 18, s\u00e1bado 19 y domingo 20 de noviembre se realizar\u00e1 la trig\u00e9sima octava edici\u00f3n del Certamen Pre-Cosqu\u00edn en el predio \u201cDos Rutas\u201d ubicado en la intersecci\u00f3n de rutas Prov. 21 y Nac. 177.<br \/>\nEsta selecci\u00f3n de nuevos valores tiene como objetivos revalorizar nuestra cultura y fundamentalmente proyectar a los ganadores para que puedan participar en el Festival de Cosqu\u00edn (capital nacional del folklore) en la provincia de C\u00f3rdoba.<br \/>\nPodr\u00e1n participar personas mayores de (16) diecis\u00e9is a\u00f1os en los siguientes rubros:<br \/>\nSolista vocal femenino<br \/>\nSolista vocal masculino<br \/>\nD\u00fao vocal<br \/>\nConjunto vocal<br \/>\nSolista instrumental<br \/>\nConjunto instrumental<br \/>\nMalambo individual<br \/>\nConjunto de malambo<br \/>\nPareja de baile tradicional<br \/>\nPareja de baile estilizada<br \/>\nConjunto de danzas<br \/>\nTema in\u00e9dito<br \/>\nEl Reglamento del Certamen podr\u00e1 consultarse en www.villaconstitucion.gob.ar.<br \/>\nPara mayores informes los interesados podr\u00e1n comunicarse llamando al tel\u00e9fono 03400 \u2013 477878 (de lunes a viernes de 7:00 a 14:00) o bien a trav\u00e9s del E-mail: turismo@villaconstitucion.gov.ar.<br \/>\nSer\u00e1n tres noches, con acceso libre y gratuito, durante las cuales el multitudinario p\u00fablico que acompa\u00f1a cada edici\u00f3n podr\u00e1 disfrutar de las canciones, la m\u00fasica y las danzas, entrelazadas con un buen servicio gastron\u00f3mico y con el destacado trabajo de los artesanos de la regi\u00f3n.<\/p>\n","protected":false},"excerpt":{"rendered":"<p>El Municipio de Villa Constituci\u00f3n, a trav\u00e9s de la Direcci\u00f3n de Turismo, Tiempo Libre y Recreaci\u00f3n hace saber que los d\u00edas viernes 18, s\u00e1bado 19 y domingo 20 de noviembre se realizar\u00e1 la trig\u00e9sima octava edici\u00f3n del Certamen Pre-Cosqu\u00edn en el predio \u201cDos Rutas\u201d ubicado en la intersecci\u00f3n de rutas Prov. 21 y Nac. 177. [&hellip;]<\/p>\n","protected":false},"author":4,"featured_media":8749,"comment_status":"open","ping_status":"closed","sticky":false,"template":"","format":"standard","meta":{"om_disable_all_campaigns":false,"_jetpack_memberships_contains_paid_content":false,"footnotes":""},"categories":[101,2],"tags":[],"class_list":["post-8748","post","type-post","status-publish","format-standard","has-post-thumbnail","hentry","category-interes-general-locales","category-locales"],"aioseo_notices":[],"gutentor_comment":0,"jetpack_featured_media_url":"https:\/\/eldiariodesanpedro.com.ar\/sitio\/wp-content\/uploads\/2016\/10\/pre-cosquin.jpg","jetpack_shortlink":"https:\/\/wp.me\/p6RhLt-2h6","jetpack_sharing_enabled":true,"_links":{"self":[{"href":"https:\/\/eldiariodesanpedro.com.ar\/sitio\/wp-json\/wp\/v2\/posts\/8748","targetHints":{"allow":["GET"]}}],"collection":[{"href":"https:\/\/eldiariodesanpedro.com.ar\/sitio\/wp-json\/wp\/v2\/posts"}],"about":[{"href":"https:\/\/eldiariodesanpedro.com.ar\/sitio\/wp-json\/wp\/v2\/types\/post"}],"author":[{"embeddable":true,"href":"https:\/\/eldiariodesanpedro.com.ar\/sitio\/wp-json\/wp\/v2\/users\/4"}],"replies":[{"embeddable":true,"href":"https:\/\/eldiariodesanpedro.com.ar\/sitio\/wp-json\/wp\/v2\/comments?post=8748"}],"version-history":[{"count":1,"href":"https:\/\/eldiariodesanpedro.com.ar\/sitio\/wp-json\/wp\/v2\/posts\/8748\/revisions"}],"predecessor-version":[{"id":8750,"href":"https:\/\/eldiariodesanpedro.com.ar\/sitio\/wp-json\/wp\/v2\/posts\/8748\/revisions\/8750"}],"wp:featuredmedia":[{"embeddable":true,"href":"https:\/\/eldiariodesanpedro.com.ar\/sitio\/wp-json\/wp\/v2\/media\/8749"}],"wp:attachment":[{"href":"https:\/\/eldiariodesanpedro.com.ar\/sitio\/wp-json\/wp\/v2\/media?parent=8748"}],"wp:term":[{"taxonomy":"category","embeddable":true,"href":"https:\/\/eldiariodesanpedro.com.ar\/sitio\/wp-json\/wp\/v2\/categories?post=8748"},{"taxonomy":"post_tag","embeddable":true,"href":"https:\/\/eldiariodesanpedro.com.ar\/sitio\/wp-json\/wp\/v2\/tags?post=8748"}],"curies":[{"name":"wp","href":"https:\/\/api.w.org\/{rel}","templated":true}]}}