{"id":87478,"date":"2021-02-10T19:05:36","date_gmt":"2021-02-10T22:05:36","guid":{"rendered":"https:\/\/eldiariodesanpedro.com.ar\/sitio\/?p=87478"},"modified":"2021-02-10T19:05:39","modified_gmt":"2021-02-10T22:05:39","slug":"informaron-quienes-quedan-exceptuados-del-retorno-a-las-escuelas","status":"publish","type":"post","link":"https:\/\/eldiariodesanpedro.com.ar\/sitio\/informaron-quienes-quedan-exceptuados-del-retorno-a-las-escuelas\/","title":{"rendered":"Informaron qui\u00e9nes quedan exceptuados del retorno a las escuelas"},"content":{"rendered":"<!-- VideographyWP Plugin Message: Automatic video embedding prevented by plugin options. -->\n\n<p><strong>En el contexto de la emergencia sanitaria por la pandemia y tras la confirmaci\u00f3n del retorno a clases presenciales anunciado esta semana, la Direcci\u00f3n General de Cultura y Educaci\u00f3n (DGCyE) de la Provincia ratific\u00f3 que aquellas personas que integren los grupos de riesgo no deber\u00e1n asistir a los lugares de trabajo.<\/strong><\/p>\n\n\n\n<p>La medida se desprende de la Resoluci\u00f3n N\u00ba90\/20 de la Jefatura de Gabinete bonaerense y alcanza a quienes \u201cest\u00e9n cursando un embarazo en cualquier trimestre o que sean consideradas poblaci\u00f3n de riesgo con relaci\u00f3n al Coronavirus por razones de salud\u201d.<\/p>\n\n\n\n<p>De esta manera, el personal dependiente de la DGCyE que tenga estas caracter\u00edsticas continuara exceptuado de concurrir a los establecimientos educativos donde cumplen funciones y quedar\u00e1n habilitadas a desarrollar las tareas asignadas desde sus hogares \u201ccuando ello fuere posible\u201d. Para acceder a esta posibilidad, desde el 1\u00ba de marzo, \u201cdeber\u00e1n actualizar toda la informaci\u00f3n m\u00e9dica que fundamente su situaci\u00f3n\u201d.<\/p>\n\n\n\n<p>Por otra parte, la disposici\u00f3n de la Direcci\u00f3n que encabeza Agustina Vila \u00a0establece tambi\u00e9n que mientras est\u00e9 vigente la resoluci\u00f3n se deber\u00e1n cubrir para la presencialidad los cargos que queden vacantes, las suplencias y los reemplazos del personal docente que est\u00e1 al frente de un grupo y que est\u00e1 exceptuado de asistir por las razones mencionadas.<\/p>\n\n\n\n<p>La normativa alcanza tambi\u00e9n a los auxiliares \u201cque no tienen programadas actividades presenciales diarias, por razones de servicio\u201d. En estos casos, los concejos escolares deber\u00e1n asignarles tareas de limpieza que \u201cpodr\u00e1n realizarse en cualquier establecimiento educativo del distrito cumpliendo para ello los par\u00e1metros de distancia desde su domicilio\u201d.<\/p>\n\n\n\n<p>Seg\u00fan el texto oficial, \u201cel Consejo Escolar podr\u00e1 solicitar la cobertura de cargos extraordinarios con car\u00e1cter de suplente extraordinario para el personal auxiliar a los fines de garantizar la disponibilidad de recursos humanos que puedan llevar adelante las tareas previstas en el Plan Jurisdiccional para el Regreso Seguro a Clases Presenciales\u201d.<\/p>\n","protected":false},"excerpt":{"rendered":"<p>En el contexto de la emergencia sanitaria por la pandemia y tras la confirmaci\u00f3n del retorno a clases presenciales anunciado esta semana, la Direcci\u00f3n General de Cultura y Educaci\u00f3n (DGCyE) de la Provincia ratific\u00f3 que aquellas personas que integren los grupos de riesgo no deber\u00e1n asistir a los lugares de trabajo. La medida se desprende [&hellip;]<\/p>\n","protected":false},"author":4,"featured_media":87479,"comment_status":"open","ping_status":"closed","sticky":false,"template":"","format":"standard","meta":{"om_disable_all_campaigns":false,"_jetpack_memberships_contains_paid_content":false,"footnotes":""},"categories":[621],"tags":[],"class_list":["post-87478","post","type-post","status-publish","format-standard","has-post-thumbnail","hentry","category-regionales"],"aioseo_notices":[],"gutentor_comment":0,"jetpack_featured_media_url":"https:\/\/eldiariodesanpedro.com.ar\/sitio\/wp-content\/uploads\/2021\/02\/docente-aula-escuela.jpg","jetpack_shortlink":"https:\/\/wp.me\/p6RhLt-mKW","jetpack_sharing_enabled":true,"_links":{"self":[{"href":"https:\/\/eldiariodesanpedro.com.ar\/sitio\/wp-json\/wp\/v2\/posts\/87478","targetHints":{"allow":["GET"]}}],"collection":[{"href":"https:\/\/eldiariodesanpedro.com.ar\/sitio\/wp-json\/wp\/v2\/posts"}],"about":[{"href":"https:\/\/eldiariodesanpedro.com.ar\/sitio\/wp-json\/wp\/v2\/types\/post"}],"author":[{"embeddable":true,"href":"https:\/\/eldiariodesanpedro.com.ar\/sitio\/wp-json\/wp\/v2\/users\/4"}],"replies":[{"embeddable":true,"href":"https:\/\/eldiariodesanpedro.com.ar\/sitio\/wp-json\/wp\/v2\/comments?post=87478"}],"version-history":[{"count":1,"href":"https:\/\/eldiariodesanpedro.com.ar\/sitio\/wp-json\/wp\/v2\/posts\/87478\/revisions"}],"predecessor-version":[{"id":87480,"href":"https:\/\/eldiariodesanpedro.com.ar\/sitio\/wp-json\/wp\/v2\/posts\/87478\/revisions\/87480"}],"wp:featuredmedia":[{"embeddable":true,"href":"https:\/\/eldiariodesanpedro.com.ar\/sitio\/wp-json\/wp\/v2\/media\/87479"}],"wp:attachment":[{"href":"https:\/\/eldiariodesanpedro.com.ar\/sitio\/wp-json\/wp\/v2\/media?parent=87478"}],"wp:term":[{"taxonomy":"category","embeddable":true,"href":"https:\/\/eldiariodesanpedro.com.ar\/sitio\/wp-json\/wp\/v2\/categories?post=87478"},{"taxonomy":"post_tag","embeddable":true,"href":"https:\/\/eldiariodesanpedro.com.ar\/sitio\/wp-json\/wp\/v2\/tags?post=87478"}],"curies":[{"name":"wp","href":"https:\/\/api.w.org\/{rel}","templated":true}]}}