{"id":87468,"date":"2021-02-10T19:00:41","date_gmt":"2021-02-10T22:00:41","guid":{"rendered":"https:\/\/eldiariodesanpedro.com.ar\/sitio\/?p=87468"},"modified":"2021-02-10T19:00:42","modified_gmt":"2021-02-10T22:00:42","slug":"cuatro-propuestas-para-las-refacciones-en-el-edificio-para-el-departamento-canino","status":"publish","type":"post","link":"https:\/\/eldiariodesanpedro.com.ar\/sitio\/cuatro-propuestas-para-las-refacciones-en-el-edificio-para-el-departamento-canino\/","title":{"rendered":"Cuatro propuestas para las refacciones en el edificio para el Departamento Canino"},"content":{"rendered":"<!-- VideographyWP Plugin Message: Automatic video embedding prevented by plugin options. -->\n\n<p>Tal como hab\u00eda sido anunciado a comienzos de a\u00f1o tras una reuni\u00f3n entre el Intendente Interino Ram\u00f3n Salazar y el M\u00e9dico Veterinario Federico Reyna, la Municipalidad de San Pedro dio ingreso formal hoy a trav\u00e9s de una videoconferencia a las propuestas presentadas ante el llamado a licitaci\u00f3n, para la adjudicaci\u00f3n de las obras de refacci\u00f3n y acondicionamiento del edificio ubicado en Salta y 9 de julio, donde funcionar\u00e1 el Departamento Canino Municipal.<\/p>\n\n\n\n<p>A trav\u00e9s de Zoom, en la oficina de la Secretar\u00eda de Econom\u00eda y Hacienda, se registraron los cuatro expedientes presentados por las empresas.<\/p>\n\n\n\n<p>El proyecto previsto busca ejecutar obras de refacci\u00f3n total para montar all\u00ed las instalaciones de atenci\u00f3n veterinaria con quir\u00f3fano y oficinas para este servicio que ha tenido un crecimiento constante en los \u00faltimos a\u00f1os para realizar un control responsable de la poblaci\u00f3n canina.<\/p>\n\n\n\n<p>A partir de este ingreso, se abre el proceso habitual de an\u00e1lisis de cada una de las ofertas para cumplir con la adjudicaci\u00f3n en los pr\u00f3ximos d\u00edas.<\/p>\n\n\n\n<p>En el acto participaron el Secretario de Econom\u00eda y Hacienda Fabi\u00e1n Rodr\u00edguez, la Contadora Municipal Mariana Giosa, la Jefa de Compras Gloria Gonz\u00e1lez, la Dra. Soledad V\u00e1zquez de Asesor\u00eda Letrada y el Arquitecto Alejandro Pages.<\/p>\n\n\n\n<figure class=\"wp-block-image size-large\"><img decoding=\"async\" width=\"949\" height=\"1024\" data-attachment-id=\"87471\" data-permalink=\"https:\/\/eldiariodesanpedro.com.ar\/sitio\/cuatro-propuestas-para-las-refacciones-en-el-edificio-para-el-departamento-canino\/whatsapp-image-2021-02-10-at-13-27-57\/\" data-orig-file=\"https:\/\/eldiariodesanpedro.com.ar\/sitio\/wp-content\/uploads\/2021\/02\/WhatsApp-Image-2021-02-10-at-13.27.57.jpeg\" data-orig-size=\"1186,1280\" data-comments-opened=\"1\" data-image-meta=\"{&quot;aperture&quot;:&quot;0&quot;,&quot;credit&quot;:&quot;&quot;,&quot;camera&quot;:&quot;&quot;,&quot;caption&quot;:&quot;&quot;,&quot;created_timestamp&quot;:&quot;0&quot;,&quot;copyright&quot;:&quot;&quot;,&quot;focal_length&quot;:&quot;0&quot;,&quot;iso&quot;:&quot;0&quot;,&quot;shutter_speed&quot;:&quot;0&quot;,&quot;title&quot;:&quot;&quot;,&quot;orientation&quot;:&quot;0&quot;}\" data-image-title=\"WhatsApp Image 2021-02-10 at 13.27.57\" data-image-description=\"\" data-image-caption=\"\" data-large-file=\"https:\/\/eldiariodesanpedro.com.ar\/sitio\/wp-content\/uploads\/2021\/02\/WhatsApp-Image-2021-02-10-at-13.27.57-949x1024.jpeg\" data-src=\"https:\/\/eldiariodesanpedro.com.ar\/sitio\/wp-content\/uploads\/2021\/02\/WhatsApp-Image-2021-02-10-at-13.27.57-949x1024.jpeg\" alt=\"\" class=\"wp-image-87471 lazyload\" data-srcset=\"https:\/\/eldiariodesanpedro.com.ar\/sitio\/wp-content\/uploads\/2021\/02\/WhatsApp-Image-2021-02-10-at-13.27.57-949x1024.jpeg 949w, https:\/\/eldiariodesanpedro.com.ar\/sitio\/wp-content\/uploads\/2021\/02\/WhatsApp-Image-2021-02-10-at-13.27.57-278x300.jpeg 278w, https:\/\/eldiariodesanpedro.com.ar\/sitio\/wp-content\/uploads\/2021\/02\/WhatsApp-Image-2021-02-10-at-13.27.57-768x829.jpeg 768w, https:\/\/eldiariodesanpedro.com.ar\/sitio\/wp-content\/uploads\/2021\/02\/WhatsApp-Image-2021-02-10-at-13.27.57.jpeg 1186w\" data-sizes=\"(max-width: 949px) 100vw, 949px\" src=\"data:image\/svg+xml;base64,PHN2ZyB3aWR0aD0iMSIgaGVpZ2h0PSIxIiB4bWxucz0iaHR0cDovL3d3dy53My5vcmcvMjAwMC9zdmciPjwvc3ZnPg==\" style=\"--smush-placeholder-width: 949px; --smush-placeholder-aspect-ratio: 949\/1024;\" \/><\/figure>\n\n\n\n<figure class=\"wp-block-image size-large\"><img decoding=\"async\" width=\"1024\" height=\"953\" data-attachment-id=\"87472\" data-permalink=\"https:\/\/eldiariodesanpedro.com.ar\/sitio\/cuatro-propuestas-para-las-refacciones-en-el-edificio-para-el-departamento-canino\/whatsapp-image-2021-02-10-at-13-27-58-1\/\" data-orig-file=\"https:\/\/eldiariodesanpedro.com.ar\/sitio\/wp-content\/uploads\/2021\/02\/WhatsApp-Image-2021-02-10-at-13.27.58-1.jpeg\" data-orig-size=\"1280,1191\" data-comments-opened=\"1\" data-image-meta=\"{&quot;aperture&quot;:&quot;0&quot;,&quot;credit&quot;:&quot;&quot;,&quot;camera&quot;:&quot;&quot;,&quot;caption&quot;:&quot;&quot;,&quot;created_timestamp&quot;:&quot;0&quot;,&quot;copyright&quot;:&quot;&quot;,&quot;focal_length&quot;:&quot;0&quot;,&quot;iso&quot;:&quot;0&quot;,&quot;shutter_speed&quot;:&quot;0&quot;,&quot;title&quot;:&quot;&quot;,&quot;orientation&quot;:&quot;0&quot;}\" data-image-title=\"WhatsApp Image 2021-02-10 at 13.27.58 (1)\" data-image-description=\"\" data-image-caption=\"\" data-large-file=\"https:\/\/eldiariodesanpedro.com.ar\/sitio\/wp-content\/uploads\/2021\/02\/WhatsApp-Image-2021-02-10-at-13.27.58-1-1024x953.jpeg\" data-src=\"https:\/\/eldiariodesanpedro.com.ar\/sitio\/wp-content\/uploads\/2021\/02\/WhatsApp-Image-2021-02-10-at-13.27.58-1-1024x953.jpeg\" alt=\"\" class=\"wp-image-87472 lazyload\" data-srcset=\"https:\/\/eldiariodesanpedro.com.ar\/sitio\/wp-content\/uploads\/2021\/02\/WhatsApp-Image-2021-02-10-at-13.27.58-1-1024x953.jpeg 1024w, https:\/\/eldiariodesanpedro.com.ar\/sitio\/wp-content\/uploads\/2021\/02\/WhatsApp-Image-2021-02-10-at-13.27.58-1-300x279.jpeg 300w, https:\/\/eldiariodesanpedro.com.ar\/sitio\/wp-content\/uploads\/2021\/02\/WhatsApp-Image-2021-02-10-at-13.27.58-1-768x715.jpeg 768w, https:\/\/eldiariodesanpedro.com.ar\/sitio\/wp-content\/uploads\/2021\/02\/WhatsApp-Image-2021-02-10-at-13.27.58-1.jpeg 1280w\" data-sizes=\"(max-width: 1024px) 100vw, 1024px\" src=\"data:image\/svg+xml;base64,PHN2ZyB3aWR0aD0iMSIgaGVpZ2h0PSIxIiB4bWxucz0iaHR0cDovL3d3dy53My5vcmcvMjAwMC9zdmciPjwvc3ZnPg==\" style=\"--smush-placeholder-width: 1024px; --smush-placeholder-aspect-ratio: 1024\/953;\" \/><\/figure>\n\n\n\n<figure class=\"wp-block-image size-large\"><img decoding=\"async\" width=\"956\" height=\"1024\" data-attachment-id=\"87473\" data-permalink=\"https:\/\/eldiariodesanpedro.com.ar\/sitio\/cuatro-propuestas-para-las-refacciones-en-el-edificio-para-el-departamento-canino\/whatsapp-image-2021-02-10-at-13-27-58\/\" data-orig-file=\"https:\/\/eldiariodesanpedro.com.ar\/sitio\/wp-content\/uploads\/2021\/02\/WhatsApp-Image-2021-02-10-at-13.27.58.jpeg\" data-orig-size=\"1195,1280\" data-comments-opened=\"1\" data-image-meta=\"{&quot;aperture&quot;:&quot;0&quot;,&quot;credit&quot;:&quot;&quot;,&quot;camera&quot;:&quot;&quot;,&quot;caption&quot;:&quot;&quot;,&quot;created_timestamp&quot;:&quot;0&quot;,&quot;copyright&quot;:&quot;&quot;,&quot;focal_length&quot;:&quot;0&quot;,&quot;iso&quot;:&quot;0&quot;,&quot;shutter_speed&quot;:&quot;0&quot;,&quot;title&quot;:&quot;&quot;,&quot;orientation&quot;:&quot;0&quot;}\" data-image-title=\"WhatsApp Image 2021-02-10 at 13.27.58\" data-image-description=\"\" data-image-caption=\"\" data-large-file=\"https:\/\/eldiariodesanpedro.com.ar\/sitio\/wp-content\/uploads\/2021\/02\/WhatsApp-Image-2021-02-10-at-13.27.58-956x1024.jpeg\" data-src=\"https:\/\/eldiariodesanpedro.com.ar\/sitio\/wp-content\/uploads\/2021\/02\/WhatsApp-Image-2021-02-10-at-13.27.58-956x1024.jpeg\" alt=\"\" class=\"wp-image-87473 lazyload\" data-srcset=\"https:\/\/eldiariodesanpedro.com.ar\/sitio\/wp-content\/uploads\/2021\/02\/WhatsApp-Image-2021-02-10-at-13.27.58-956x1024.jpeg 956w, https:\/\/eldiariodesanpedro.com.ar\/sitio\/wp-content\/uploads\/2021\/02\/WhatsApp-Image-2021-02-10-at-13.27.58-280x300.jpeg 280w, https:\/\/eldiariodesanpedro.com.ar\/sitio\/wp-content\/uploads\/2021\/02\/WhatsApp-Image-2021-02-10-at-13.27.58-768x823.jpeg 768w, https:\/\/eldiariodesanpedro.com.ar\/sitio\/wp-content\/uploads\/2021\/02\/WhatsApp-Image-2021-02-10-at-13.27.58.jpeg 1195w\" data-sizes=\"(max-width: 956px) 100vw, 956px\" src=\"data:image\/svg+xml;base64,PHN2ZyB3aWR0aD0iMSIgaGVpZ2h0PSIxIiB4bWxucz0iaHR0cDovL3d3dy53My5vcmcvMjAwMC9zdmciPjwvc3ZnPg==\" style=\"--smush-placeholder-width: 956px; --smush-placeholder-aspect-ratio: 956\/1024;\" \/><\/figure>\n","protected":false},"excerpt":{"rendered":"<p>Tal como hab\u00eda sido anunciado a comienzos de a\u00f1o tras una reuni\u00f3n entre el Intendente Interino Ram\u00f3n Salazar y el M\u00e9dico Veterinario Federico Reyna, la Municipalidad de San Pedro dio ingreso formal hoy a trav\u00e9s de una videoconferencia a las propuestas presentadas ante el llamado a licitaci\u00f3n, para la adjudicaci\u00f3n de las obras de refacci\u00f3n [&hellip;]<\/p>\n","protected":false},"author":4,"featured_media":87470,"comment_status":"open","ping_status":"closed","sticky":false,"template":"","format":"standard","meta":{"om_disable_all_campaigns":false,"_jetpack_memberships_contains_paid_content":false,"footnotes":""},"categories":[101,2],"tags":[],"class_list":["post-87468","post","type-post","status-publish","format-standard","has-post-thumbnail","hentry","category-interes-general-locales","category-locales"],"aioseo_notices":[],"gutentor_comment":0,"jetpack_featured_media_url":"https:\/\/eldiariodesanpedro.com.ar\/sitio\/wp-content\/uploads\/2021\/02\/WhatsApp-Image-2021-02-10-at-13.27.56.jpeg","jetpack_shortlink":"https:\/\/wp.me\/p6RhLt-mKM","jetpack_sharing_enabled":true,"_links":{"self":[{"href":"https:\/\/eldiariodesanpedro.com.ar\/sitio\/wp-json\/wp\/v2\/posts\/87468","targetHints":{"allow":["GET"]}}],"collection":[{"href":"https:\/\/eldiariodesanpedro.com.ar\/sitio\/wp-json\/wp\/v2\/posts"}],"about":[{"href":"https:\/\/eldiariodesanpedro.com.ar\/sitio\/wp-json\/wp\/v2\/types\/post"}],"author":[{"embeddable":true,"href":"https:\/\/eldiariodesanpedro.com.ar\/sitio\/wp-json\/wp\/v2\/users\/4"}],"replies":[{"embeddable":true,"href":"https:\/\/eldiariodesanpedro.com.ar\/sitio\/wp-json\/wp\/v2\/comments?post=87468"}],"version-history":[{"count":1,"href":"https:\/\/eldiariodesanpedro.com.ar\/sitio\/wp-json\/wp\/v2\/posts\/87468\/revisions"}],"predecessor-version":[{"id":87474,"href":"https:\/\/eldiariodesanpedro.com.ar\/sitio\/wp-json\/wp\/v2\/posts\/87468\/revisions\/87474"}],"wp:featuredmedia":[{"embeddable":true,"href":"https:\/\/eldiariodesanpedro.com.ar\/sitio\/wp-json\/wp\/v2\/media\/87470"}],"wp:attachment":[{"href":"https:\/\/eldiariodesanpedro.com.ar\/sitio\/wp-json\/wp\/v2\/media?parent=87468"}],"wp:term":[{"taxonomy":"category","embeddable":true,"href":"https:\/\/eldiariodesanpedro.com.ar\/sitio\/wp-json\/wp\/v2\/categories?post=87468"},{"taxonomy":"post_tag","embeddable":true,"href":"https:\/\/eldiariodesanpedro.com.ar\/sitio\/wp-json\/wp\/v2\/tags?post=87468"}],"curies":[{"name":"wp","href":"https:\/\/api.w.org\/{rel}","templated":true}]}}