{"id":87465,"date":"2021-02-10T18:56:30","date_gmt":"2021-02-10T21:56:30","guid":{"rendered":"https:\/\/eldiariodesanpedro.com.ar\/sitio\/?p=87465"},"modified":"2021-02-10T18:56:34","modified_gmt":"2021-02-10T21:56:34","slug":"inscripcion-en-el-plan-vacunate-en-gobernador-castro-y-la-tosquera","status":"publish","type":"post","link":"https:\/\/eldiariodesanpedro.com.ar\/sitio\/inscripcion-en-el-plan-vacunate-en-gobernador-castro-y-la-tosquera\/","title":{"rendered":"Inscripci\u00f3n en el Plan Vacunate en Gobernador Castro y La Tosquera"},"content":{"rendered":"<!-- VideographyWP Plugin Message: Automatic video embedding prevented by plugin options. -->\n\n<p>La Secretar\u00eda de Salud de la Municipalidad de San Pedro y la Coordinaci\u00f3n del Plan Vacunate Buenos Aires informan que este jueves 11 de febrero se instalar\u00e1n puestos de inscripci\u00f3n e informaci\u00f3n en la Plaza San Mart\u00edn de Gobernador Castro de 9 a 13 y en La Tosquera junto al Ministerio de Trabajo, ser\u00e1 frente al Centro de Salud de 16 a 19.<\/p>\n\n\n\n<p>Adem\u00e1s contin\u00faan funcionando todos los puntos habituales.<\/p>\n","protected":false},"excerpt":{"rendered":"<p>La Secretar\u00eda de Salud de la Municipalidad de San Pedro y la Coordinaci\u00f3n del Plan Vacunate Buenos Aires informan que este jueves 11 de febrero se instalar\u00e1n puestos de inscripci\u00f3n e informaci\u00f3n en la Plaza San Mart\u00edn de Gobernador Castro de 9 a 13 y en La Tosquera junto al Ministerio de Trabajo, ser\u00e1 frente [&hellip;]<\/p>\n","protected":false},"author":4,"featured_media":87466,"comment_status":"open","ping_status":"closed","sticky":false,"template":"","format":"standard","meta":{"om_disable_all_campaigns":false,"_jetpack_memberships_contains_paid_content":false,"footnotes":""},"categories":[101,2],"tags":[],"class_list":["post-87465","post","type-post","status-publish","format-standard","has-post-thumbnail","hentry","category-interes-general-locales","category-locales"],"aioseo_notices":[],"gutentor_comment":0,"jetpack_featured_media_url":"https:\/\/eldiariodesanpedro.com.ar\/sitio\/wp-content\/uploads\/2021\/02\/WhatsApp-Image-2021-02-10-at-10.39.42.jpeg","jetpack_shortlink":"https:\/\/wp.me\/p6RhLt-mKJ","jetpack_sharing_enabled":true,"_links":{"self":[{"href":"https:\/\/eldiariodesanpedro.com.ar\/sitio\/wp-json\/wp\/v2\/posts\/87465","targetHints":{"allow":["GET"]}}],"collection":[{"href":"https:\/\/eldiariodesanpedro.com.ar\/sitio\/wp-json\/wp\/v2\/posts"}],"about":[{"href":"https:\/\/eldiariodesanpedro.com.ar\/sitio\/wp-json\/wp\/v2\/types\/post"}],"author":[{"embeddable":true,"href":"https:\/\/eldiariodesanpedro.com.ar\/sitio\/wp-json\/wp\/v2\/users\/4"}],"replies":[{"embeddable":true,"href":"https:\/\/eldiariodesanpedro.com.ar\/sitio\/wp-json\/wp\/v2\/comments?post=87465"}],"version-history":[{"count":1,"href":"https:\/\/eldiariodesanpedro.com.ar\/sitio\/wp-json\/wp\/v2\/posts\/87465\/revisions"}],"predecessor-version":[{"id":87467,"href":"https:\/\/eldiariodesanpedro.com.ar\/sitio\/wp-json\/wp\/v2\/posts\/87465\/revisions\/87467"}],"wp:featuredmedia":[{"embeddable":true,"href":"https:\/\/eldiariodesanpedro.com.ar\/sitio\/wp-json\/wp\/v2\/media\/87466"}],"wp:attachment":[{"href":"https:\/\/eldiariodesanpedro.com.ar\/sitio\/wp-json\/wp\/v2\/media?parent=87465"}],"wp:term":[{"taxonomy":"category","embeddable":true,"href":"https:\/\/eldiariodesanpedro.com.ar\/sitio\/wp-json\/wp\/v2\/categories?post=87465"},{"taxonomy":"post_tag","embeddable":true,"href":"https:\/\/eldiariodesanpedro.com.ar\/sitio\/wp-json\/wp\/v2\/tags?post=87465"}],"curies":[{"name":"wp","href":"https:\/\/api.w.org\/{rel}","templated":true}]}}