{"id":87459,"date":"2021-02-10T12:24:04","date_gmt":"2021-02-10T15:24:04","guid":{"rendered":"https:\/\/eldiariodesanpedro.com.ar\/sitio\/?p=87459"},"modified":"2021-02-10T12:24:09","modified_gmt":"2021-02-10T15:24:09","slug":"san-nicolas-la-obra-en-el-parque-aguiar-continuara-hasta-que-la-justicia-indique-lo-contrario","status":"publish","type":"post","link":"https:\/\/eldiariodesanpedro.com.ar\/sitio\/san-nicolas-la-obra-en-el-parque-aguiar-continuara-hasta-que-la-justicia-indique-lo-contrario\/","title":{"rendered":"SAN NICOL\u00c1S | La obra en el Parque Aguiar continuar\u00e1 hasta que la Justicia indique lo contrario"},"content":{"rendered":"<!-- VideographyWP Plugin Message: Automatic video embedding prevented by plugin options. -->\n\n<p>En la ma\u00f1ana de este martes el fiscal Mart\u00edn Mariezcurrena recibi\u00f3 a ciudadanos que reclamaban por el cumplimiento de la clausura de la obra que se est\u00e1 llevando adelante en el Parque Rafael de Aguiar.<br><br>El fiscal ya hab\u00eda decidido formar de oficio una causa por \u00absupuesto delito de desobediencia\u00bb de parte del Municipio, con relaci\u00f3n a las tareas que se realizan en la Reserva Natural. Pero el municipio no recibi\u00f3 ninguna notificaci\u00f3n de Medio Ambiente.<br><br>En este sentido, Mariezcurrena detall\u00f3 que no ten\u00eda conocimiento sobre esa \u00absupuesta clausura de obra\u00bb, por lo que se comunic\u00f3 con el Director Jur\u00eddico de la OPDS (Organismo Provincial de Desarrollo Sostenible), quien confirm\u00f3 que se hab\u00eda clausurado la obra preventivamente por infracci\u00f3n al Art\u00edculo 19 de la Ley de Bosques. El mismo refiere a hacer modificaciones en el ambiente sin autorizaci\u00f3n previa.<br><br>Fueron solicitadas el acta, las notificaciones y actuaciones que se labraron el viernes de la semana pasada en la recorrida que se realiz\u00f3 en el Parque, para determinar si existe verdaderamente un delito.<br><br>Mariezcurrena especific\u00f3 que al tratarse de una \u00abclausura del tipo administrativo\u00bb, todav\u00eda corren los plazos para el Municipio realice su descargo, seg\u00fan est\u00e1 reglamentado en la Ley.<br><br>Por su parte, desde la Municipalidad de San Nicol\u00e1s continuar\u00e1n con las obras en el Parque hasta tanto la Justicia indique que se frene. Mientras tanto, confirmaron que seguir\u00e1n adelante con la \u00aborden judicial preexistente que indica la realizaci\u00f3n de los trabajos que resguarden el camino\u00bb.<\/p>\n\n\n\n<p>Fuente: <a href=\"http:\/\/www.diarioelinformante.com.ar\/nota-60621_la-obra-en-el-parque-aguiar-continuar-hasta-que-la-justicia-indique-lo-contrario\">Diario El Informante<\/a><\/p>\n","protected":false},"excerpt":{"rendered":"<p>En la ma\u00f1ana de este martes el fiscal Mart\u00edn Mariezcurrena recibi\u00f3 a ciudadanos que reclamaban por el cumplimiento de la clausura de la obra que se est\u00e1 llevando adelante en el Parque Rafael de Aguiar. El fiscal ya hab\u00eda decidido formar de oficio una causa por \u00absupuesto delito de desobediencia\u00bb de parte del Municipio, con [&hellip;]<\/p>\n","protected":false},"author":4,"featured_media":87460,"comment_status":"open","ping_status":"closed","sticky":false,"template":"","format":"standard","meta":{"om_disable_all_campaigns":false,"_jetpack_memberships_contains_paid_content":false,"footnotes":""},"categories":[621],"tags":[],"class_list":["post-87459","post","type-post","status-publish","format-standard","has-post-thumbnail","hentry","category-regionales"],"aioseo_notices":[],"gutentor_comment":0,"jetpack_featured_media_url":"https:\/\/eldiariodesanpedro.com.ar\/sitio\/wp-content\/uploads\/2021\/02\/conmarca29970.jpg","jetpack_shortlink":"https:\/\/wp.me\/p6RhLt-mKD","jetpack_sharing_enabled":true,"_links":{"self":[{"href":"https:\/\/eldiariodesanpedro.com.ar\/sitio\/wp-json\/wp\/v2\/posts\/87459","targetHints":{"allow":["GET"]}}],"collection":[{"href":"https:\/\/eldiariodesanpedro.com.ar\/sitio\/wp-json\/wp\/v2\/posts"}],"about":[{"href":"https:\/\/eldiariodesanpedro.com.ar\/sitio\/wp-json\/wp\/v2\/types\/post"}],"author":[{"embeddable":true,"href":"https:\/\/eldiariodesanpedro.com.ar\/sitio\/wp-json\/wp\/v2\/users\/4"}],"replies":[{"embeddable":true,"href":"https:\/\/eldiariodesanpedro.com.ar\/sitio\/wp-json\/wp\/v2\/comments?post=87459"}],"version-history":[{"count":1,"href":"https:\/\/eldiariodesanpedro.com.ar\/sitio\/wp-json\/wp\/v2\/posts\/87459\/revisions"}],"predecessor-version":[{"id":87461,"href":"https:\/\/eldiariodesanpedro.com.ar\/sitio\/wp-json\/wp\/v2\/posts\/87459\/revisions\/87461"}],"wp:featuredmedia":[{"embeddable":true,"href":"https:\/\/eldiariodesanpedro.com.ar\/sitio\/wp-json\/wp\/v2\/media\/87460"}],"wp:attachment":[{"href":"https:\/\/eldiariodesanpedro.com.ar\/sitio\/wp-json\/wp\/v2\/media?parent=87459"}],"wp:term":[{"taxonomy":"category","embeddable":true,"href":"https:\/\/eldiariodesanpedro.com.ar\/sitio\/wp-json\/wp\/v2\/categories?post=87459"},{"taxonomy":"post_tag","embeddable":true,"href":"https:\/\/eldiariodesanpedro.com.ar\/sitio\/wp-json\/wp\/v2\/tags?post=87459"}],"curies":[{"name":"wp","href":"https:\/\/api.w.org\/{rel}","templated":true}]}}